{"id":17253,"date":"2020-09-06T09:00:00","date_gmt":"2020-09-06T14:00:00","guid":{"rendered":"http:\/\/www.zonaroja.com.mx\/?p=17253"},"modified":"2020-09-05T21:37:35","modified_gmt":"2020-09-06T02:37:35","slug":"continua-desaparicion-de-mujeres-en-oaxaca-ahora-en-el-istmo","status":"publish","type":"post","link":"https:\/\/zonaroja.com.mx\/?p=17253","title":{"rendered":"Contin\u00faa desaparici\u00f3n de mujeres en Oaxaca, ahora en el Istmo"},"content":{"rendered":"\n<p>Yuridiana Sosa\/Zona Roja.<\/p>\n\n\n\n<p>Oaxaca de Ju\u00e1rez, Oax., 6 de septiembre de 2020.-\u00a0 En el transcurso de la semana que termin\u00f3, al menos dos mujeres de la regi\u00f3n del Istmo y una m\u00e1s en la capital fueron reportadas como desaparecidas ante la Fiscal\u00eda General de Oaxaca, a la par de varones que tambi\u00e9n siguen sin ser localizados.<\/p>\n\n\n\n<p>Este s\u00e1bado, fue reportada la desaparici\u00f3n de Rosa Itzel Coria Cruz, de 18 a\u00f1os de edad, quien fue vista por \u00faltima vez en la colonia Uni\u00f3n de la ciudad de Oaxaca; vest\u00eda una blusa manga corta color gris, short tipo licra color negro y calza chanclas color rosa con verde.<\/p>\n\n\n\n<p>El pasado 1 de septiembre fue vista por \u00faltima vez Karina de Jes\u00fas \u00c1lvarez Ruiz, de 34 a\u00f1os de edad, cuando se encontraba en la S\u00e9ptima Secci\u00f3n del municipio de Juchit\u00e1n de Zaragoza.<\/p>\n\n\n\n<figure class=\"wp-block-embed-twitter wp-block-embed is-type-rich is-provider-twitter\"><div class=\"wp-block-embed__wrapper\">\n<div class=\"twitter-tweet\"><blockquote class=\"twitter-tweet\" data-lang=\"es\"><p lang=\"es\" dir=\"ltr\"><a href=\"https:\/\/twitter.com\/hashtag\/AY%C3%9ADANOS?src=hash&amp;ref_src=twsrc%5Etfw\">#AY\u00daDANOS<\/a> A LOCALIZARLA, <a href=\"https:\/\/twitter.com\/FISCALIA_GobOax?ref_src=twsrc%5Etfw\">@FISCALIA_GobOax<\/a> <a href=\"https:\/\/twitter.com\/AEI_Oaxaca?ref_src=twsrc%5Etfw\">@AEI_Oaxaca<\/a> <a href=\"https:\/\/twitter.com\/SSP_GobOax?ref_src=twsrc%5Etfw\">@SSP_GobOax<\/a> <a href=\"https:\/\/twitter.com\/MunicipioSeguro?ref_src=twsrc%5Etfw\">@MunicipioSeguro<\/a> <a href=\"https:\/\/twitter.com\/PolVial_GobOax?ref_src=twsrc%5Etfw\">@PolVial_GobOax<\/a> <a href=\"https:\/\/twitter.com\/Policia_GobOax?ref_src=twsrc%5Etfw\">@Policia_GobOax<\/a> <a href=\"https:\/\/twitter.com\/cruzrojaoaxaca?ref_src=twsrc%5Etfw\">@cruzrojaoaxaca<\/a> <a href=\"https:\/\/twitter.com\/CEJUM_GobOax?ref_src=twsrc%5Etfw\">@CEJUM_GobOax<\/a> <a href=\"https:\/\/t.co\/4j6AD8sm08\">pic.twitter.com\/4j6AD8sm08<\/a><\/p>&mdash; Unidad de B\u00fasqueda de Personas No Localizadas (@FGEO_DNOL) <a href=\"https:\/\/twitter.com\/FGEO_DNOL\/status\/1302427430536327169?ref_src=twsrc%5Etfw\">6 de septiembre de 2020<\/a><\/blockquote><\/div>\n<\/div><\/figure>\n\n\n\n<p>Su ficha de b\u00fasqueda fue emitida este 4 septiembre por la Unidad de B\u00fasqueda de Personas Desaparecidas y No Localizas, la cual informa que como se\u00f1a particular, la joven mujer tiene tatuado un atrapa sue\u00f1os en la espalda y la palabra \u201cJoss\u201d, adem\u00e1s de palomas del lado derecho del pecho.<\/p>\n\n\n\n<p>En Salina Cruz desapareci\u00f3 Arely Hern\u00e1ndez Zamora, de 16 a\u00f1os de edad, el pasado 3 de septiembre, luego de ser vista por \u00faltima vez en el kiosco de la colonia Blas y Vega.<\/p>\n\n\n\n<p>Sus familiares, a trav\u00e9s de la Fiscal\u00eda General del Estado, piden el apoyo de la poblaci\u00f3n para localizarla pronto. El d\u00eda de su desaparici\u00f3n, la menor de edad vest\u00eda playera color blanca y colores de arco\u00edris en el frente, chamarra de mezclilla y short rojo.<\/p>\n\n\n\n<figure class=\"wp-block-embed-twitter wp-block-embed is-type-rich is-provider-twitter\"><div class=\"wp-block-embed__wrapper\">\n<div class=\"twitter-tweet\"><blockquote class=\"twitter-tweet\" data-lang=\"es\"><p lang=\"es\" dir=\"ltr\">AY\u00daDANOS A LOCALIZARLA. <a href=\"https:\/\/twitter.com\/FISCALIA_GobOax?ref_src=twsrc%5Etfw\">@FISCALIA_GobOax<\/a> <a href=\"https:\/\/twitter.com\/AEI_Oaxaca?ref_src=twsrc%5Etfw\">@AEI_Oaxaca<\/a> <a href=\"https:\/\/twitter.com\/Policia_GobOax?ref_src=twsrc%5Etfw\">@Policia_GobOax<\/a> <a href=\"https:\/\/twitter.com\/PolVial_GobOax?ref_src=twsrc%5Etfw\">@PolVial_GobOax<\/a> <a href=\"https:\/\/twitter.com\/GN_Carreteras?ref_src=twsrc%5Etfw\">@GN_Carreteras<\/a> <a href=\"https:\/\/twitter.com\/Oaxaca_9_1_1?ref_src=twsrc%5Etfw\">@Oaxaca_9_1_1<\/a> <a href=\"https:\/\/twitter.com\/089Oaxaca?ref_src=twsrc%5Etfw\">@089Oaxaca<\/a> <a href=\"https:\/\/twitter.com\/Bomberos_GobOax?ref_src=twsrc%5Etfw\">@Bomberos_GobOax<\/a> <a href=\"https:\/\/twitter.com\/CEJUM_GobOax?ref_src=twsrc%5Etfw\">@CEJUM_GobOax<\/a> <a href=\"https:\/\/twitter.com\/SMO_GobOax?ref_src=twsrc%5Etfw\">@SMO_GobOax<\/a> <a href=\"https:\/\/twitter.com\/hashtag\/Juchitan?src=hash&amp;ref_src=twsrc%5Etfw\">#Juchitan<\/a> <a href=\"https:\/\/t.co\/bqPvsjtFYW\">pic.twitter.com\/bqPvsjtFYW<\/a><\/p>&mdash; Unidad de B\u00fasqueda de Personas No Localizadas (@FGEO_DNOL) <a href=\"https:\/\/twitter.com\/FGEO_DNOL\/status\/1302098768146374656?ref_src=twsrc%5Etfw\">5 de septiembre de 2020<\/a><\/blockquote><\/div>\n<\/div><\/figure>\n\n\n\n<p>En tanto, entre las fichas de b\u00fasqueda emitidas en poco m\u00e1s de una semana, prevalecen en calidad de desaparecidas dos varones, uno en la regi\u00f3n Mixteca y otro en la Cuenca.<\/p>\n\n\n\n<p>Alberto Chama Garz\u00f3n, 34 a\u00f1os de edad, desapareci\u00f3 el pasado 27 de agosto en la agencia La Estancia en Huajuapan de Le\u00f3n. Como se\u00f1a particular tiene un tatuaje en el brazo derecho de una \u201cX\u201d hecha con la imagen de una cadena y cicatrices en la parte interna de los antebrazos.<\/p>\n\n\n\n<p>Por otra parte, Otilio Marqu\u00e9s Garc\u00eda fue visto por \u00faltima vez el pasado 24 agosto en la colonia Ex Normal del municipio de San Juan Bautista Tuxtepec.<\/p>\n","protected":false},"excerpt":{"rendered":"<p>Yuridiana Sosa\/Zona Roja. Oaxaca de Ju\u00e1rez, Oax., 6 de septiembre de 2020.-\u00a0 En el transcurso&hellip;<\/p>\n","protected":false},"author":2,"featured_media":17254,"comment_status":"closed","ping_status":"open","sticky":false,"template":"","format":"standard","meta":{"_lmt_disableupdate":"","_lmt_disable":"","_jetpack_memberships_contains_paid_content":false,"footnotes":""},"categories":[109,47],"tags":[642],"class_list":["post-17253","post","type-post","status-publish","format-standard","has-post-thumbnail","hentry","category-minuto-a-minuto","category-zona-gris","tag-personas-desaparecidas-oaxaca"],"jetpack_featured_media_url":"https:\/\/zonaroja.com.mx\/wp-content\/uploads\/2020\/09\/Desaparecidos-Oaxaca.jpg","jetpack_sharing_enabled":true,"_links":{"self":[{"href":"https:\/\/zonaroja.com.mx\/index.php?rest_route=\/wp\/v2\/posts\/17253","targetHints":{"allow":["GET"]}}],"collection":[{"href":"https:\/\/zonaroja.com.mx\/index.php?rest_route=\/wp\/v2\/posts"}],"about":[{"href":"https:\/\/zonaroja.com.mx\/index.php?rest_route=\/wp\/v2\/types\/post"}],"author":[{"embeddable":true,"href":"https:\/\/zonaroja.com.mx\/index.php?rest_route=\/wp\/v2\/users\/2"}],"replies":[{"embeddable":true,"href":"https:\/\/zonaroja.com.mx\/index.php?rest_route=%2Fwp%2Fv2%2Fcomments&post=17253"}],"version-history":[{"count":2,"href":"https:\/\/zonaroja.com.mx\/index.php?rest_route=\/wp\/v2\/posts\/17253\/revisions"}],"predecessor-version":[{"id":17260,"href":"https:\/\/zonaroja.com.mx\/index.php?rest_route=\/wp\/v2\/posts\/17253\/revisions\/17260"}],"wp:featuredmedia":[{"embeddable":true,"href":"https:\/\/zonaroja.com.mx\/index.php?rest_route=\/wp\/v2\/media\/17254"}],"wp:attachment":[{"href":"https:\/\/zonaroja.com.mx\/index.php?rest_route=%2Fwp%2Fv2%2Fmedia&parent=17253"}],"wp:term":[{"taxonomy":"category","embeddable":true,"href":"https:\/\/zonaroja.com.mx\/index.php?rest_route=%2Fwp%2Fv2%2Fcategories&post=17253"},{"taxonomy":"post_tag","embeddable":true,"href":"https:\/\/zonaroja.com.mx\/index.php?rest_route=%2Fwp%2Fv2%2Ftags&post=17253"}],"curies":[{"name":"wp","href":"https:\/\/api.w.org\/{rel}","templated":true}]}}