{"id":17263,"date":"2020-09-05T21:55:32","date_gmt":"2020-09-06T02:55:32","guid":{"rendered":"http:\/\/www.zonaroja.com.mx\/?p=17263"},"modified":"2020-09-05T21:55:36","modified_gmt":"2020-09-06T02:55:36","slug":"registra-oaxaca-en-sabado-21-defunciones-y-40-casos-positivos","status":"publish","type":"post","link":"https:\/\/zonaroja.com.mx\/?p=17263","title":{"rendered":"Registra Oaxaca en s\u00e1bado 21 defunciones y 40 casos positivos"},"content":{"rendered":"\n<p>Redacci\u00f3n\/Zona Roja.<\/p>\n\n\n\n<p>Oaxaca de Ju\u00e1rez, Oax., 5 de septiembre de 2020.- Al corte epidemiol\u00f3gico de este 5 de septiembre, se han confirmado 40 casos nuevos de Covid-19 en 19 municipios, registrando un acumulado de 14 mil 128, se han realizado 21 mil 151 notificaciones de esta enfermedad, seis mil 144 resultaron negativas y 879 sospechosos<\/p>\n\n\n\n<p>De acuerdo con un comunicado de los Servicios de Salud de Oaxaca, en las \u00faltimas 24 horas se reportaron 21 defunciones (aunque de manera inicial dio a conocer que eran ocho decesos), para un total de mil 315 perdidas fatales hasta el momento, desde que empez\u00f3 la emergencia sanitaria en Oaxaca; y 443 casos est\u00e1n en etapa activa.<\/p>\n\n\n\n<p>Expuso que la red hospitalaria se encuentra al 35.2% de ocupaci\u00f3n de camas, de esta cifra el 39.7% corresponde a observaci\u00f3n y el 26.2% con ventilador.<\/p>\n\n\n\n<p>Indic\u00f3 que las localidades de mayor frecuencia de contagios contin\u00faan siendo las zonas urbanas, este s\u00e1bado los municipios con casos nuevos fueron principalmente: Oaxaca de Ju\u00e1rez con 16, Santa Cruz Xoxocotl\u00e1n cinco, Santa Mar\u00eda Azompa y San Lorenzo Cacaotepec con dos reportes cada uno, el resto con un caso.<\/p>\n\n\n\n<figure class=\"wp-block-embed-twitter wp-block-embed is-type-rich is-provider-twitter\"><div class=\"wp-block-embed__wrapper\">\n<div class=\"twitter-tweet\"><blockquote class=\"twitter-tweet\" data-lang=\"es\"><p lang=\"es\" dir=\"ltr\">Al corte de hoy 05 de septiembre, se registraron 40 casos positivos nuevos de <a href=\"https:\/\/twitter.com\/hashtag\/COVID19?src=hash&amp;ref_src=twsrc%5Etfw\">#COVID19<\/a> en <a href=\"https:\/\/twitter.com\/hashtag\/Oaxaca?src=hash&amp;ref_src=twsrc%5Etfw\">#Oaxaca<\/a>.<br><br>Si mantenemos las medidas de prevenci\u00f3n, protegemos la salud de nuestras familias, <a href=\"https:\/\/twitter.com\/hashtag\/NoBajemosLaGuardia?src=hash&amp;ref_src=twsrc%5Etfw\">#NoBajemosLaGuardia<\/a> <a href=\"https:\/\/t.co\/d1uKhgWNR1\">pic.twitter.com\/d1uKhgWNR1<\/a><\/p>&mdash; Servicios de Salud (@SSO_GobOax) <a href=\"https:\/\/twitter.com\/SSO_GobOax\/status\/1302417387069878273?ref_src=twsrc%5Etfw\">6 de septiembre de 2020<\/a><\/blockquote><\/div>\n<\/div><\/figure>\n\n\n\n<p>Describi\u00f3 que Valles Centrales contabiliza nueve mil 351 casos acumulados, 629 defunciones y 330 activos; Tuxtepec mil 619, 234 fallecimientos y 12 activos; Istmo mil 441, 259 muertes y 17activos; Mixteca 869, 85 perdidas fatales y 54 activos; Costa 611, 69 decesos y 22 activos; Sierra (Norte) 237, 39 fallecimientos y ocho activos.<\/p>\n\n\n\n<p>Enfatiz\u00f3 que del n\u00famero acumulado de positivos, tres mil 063 son pacientes que se han hospitalizado en las unidades m\u00e9dicas del sector y 11 mil 065 cursaron el padecimiento en sus domicilios.<\/p>\n\n\n\n<p>En este sentido, pidi\u00f3 a la poblaci\u00f3n estar alerta y ante la presencia de s\u00edntomas de COVID-19 como: fiebre, tos seca, diarrea, cansancio, p\u00e9rdida de olfato o gusto, dolor de garganta y cabeza, llamar a los tel\u00e9fonos: 800 770 8437, 951 516 8242, 951 516 1220 y por whatsapp al 951 297 57 41.<\/p>\n\n\n\n<p>Finalmente, exhort\u00f3 a las y los oaxaque\u00f1os reforzar las medidas de higiene b\u00e1sica, p\u00fablica e individual; primordialmente en el lavado de manos con agua y jab\u00f3n, sana distancia, y el uso del cubrebocas, el cual debe cubrir nariz y boca, usarlo siempre en la v\u00eda p\u00fablica, no compartirlo, evitar tocarlo, adem\u00e1s de cortarlo y desecharlo de forma correcta, si es de tela lavarlo antes de cada uso.<\/p>\n","protected":false},"excerpt":{"rendered":"<p>Redacci\u00f3n\/Zona Roja. Oaxaca de Ju\u00e1rez, Oax., 5 de septiembre de 2020.- Al corte epidemiol\u00f3gico de&hellip;<\/p>\n","protected":false},"author":2,"featured_media":17264,"comment_status":"closed","ping_status":"open","sticky":false,"template":"","format":"standard","meta":{"_lmt_disableupdate":"","_lmt_disable":"","_jetpack_memberships_contains_paid_content":false,"footnotes":""},"categories":[109,47],"tags":[1512],"class_list":["post-17263","post","type-post","status-publish","format-standard","has-post-thumbnail","hentry","category-minuto-a-minuto","category-zona-gris","tag-coronavirus-oaxaca"],"jetpack_featured_media_url":"https:\/\/zonaroja.com.mx\/wp-content\/uploads\/2020\/09\/SSO-1.jpeg","jetpack_sharing_enabled":true,"_links":{"self":[{"href":"https:\/\/zonaroja.com.mx\/index.php?rest_route=\/wp\/v2\/posts\/17263","targetHints":{"allow":["GET"]}}],"collection":[{"href":"https:\/\/zonaroja.com.mx\/index.php?rest_route=\/wp\/v2\/posts"}],"about":[{"href":"https:\/\/zonaroja.com.mx\/index.php?rest_route=\/wp\/v2\/types\/post"}],"author":[{"embeddable":true,"href":"https:\/\/zonaroja.com.mx\/index.php?rest_route=\/wp\/v2\/users\/2"}],"replies":[{"embeddable":true,"href":"https:\/\/zonaroja.com.mx\/index.php?rest_route=%2Fwp%2Fv2%2Fcomments&post=17263"}],"version-history":[{"count":1,"href":"https:\/\/zonaroja.com.mx\/index.php?rest_route=\/wp\/v2\/posts\/17263\/revisions"}],"predecessor-version":[{"id":17265,"href":"https:\/\/zonaroja.com.mx\/index.php?rest_route=\/wp\/v2\/posts\/17263\/revisions\/17265"}],"wp:featuredmedia":[{"embeddable":true,"href":"https:\/\/zonaroja.com.mx\/index.php?rest_route=\/wp\/v2\/media\/17264"}],"wp:attachment":[{"href":"https:\/\/zonaroja.com.mx\/index.php?rest_route=%2Fwp%2Fv2%2Fmedia&parent=17263"}],"wp:term":[{"taxonomy":"category","embeddable":true,"href":"https:\/\/zonaroja.com.mx\/index.php?rest_route=%2Fwp%2Fv2%2Fcategories&post=17263"},{"taxonomy":"post_tag","embeddable":true,"href":"https:\/\/zonaroja.com.mx\/index.php?rest_route=%2Fwp%2Fv2%2Ftags&post=17263"}],"curies":[{"name":"wp","href":"https:\/\/api.w.org\/{rel}","templated":true}]}}