{"id":17267,"date":"2020-09-06T08:21:47","date_gmt":"2020-09-06T13:21:47","guid":{"rendered":"http:\/\/www.zonaroja.com.mx\/?p=17267"},"modified":"2020-09-06T08:41:45","modified_gmt":"2020-09-06T13:41:45","slug":"enesimo-incendio-en-central-de-abasto-de-oaxaca-capital-devora-dos-locales","status":"publish","type":"post","link":"https:\/\/zonaroja.com.mx\/?p=17267","title":{"rendered":"En\u00e9simo incendio en Central de Abasto de Oaxaca capital; devora dos locales"},"content":{"rendered":"\n<p>Redacci\u00f3n\/Zona Roja.<\/p>\n\n\n\n<p>Oaxaca de Ju\u00e1rez, Oax., Un en\u00e9simo incendio en la Central de Abasto de la ciudad de Oaxaca ocurri\u00f3 en los primeros minutos de este domingo, con saldo de al menos dos locales consumido totalmente.<\/p>\n\n\n\n<p>Fue alrededor de la una de la ma\u00f1ana en que se dio el reporte de la conflagraci\u00f3n en un local de ropa ubicado entre los m\u00f3dulos C y D, a la altura del Perif\u00e9rico, y los comerciantes iniciaron el combate; minutos m\u00e1s tarde arribaron elementos del Heroico Cuerpo de Bomberos.<\/p>\n\n\n\n<figure class=\"wp-block-embed-twitter wp-block-embed is-type-rich is-provider-twitter\"><div class=\"wp-block-embed__wrapper\">\n<div class=\"twitter-tweet\"><blockquote class=\"twitter-tweet\" data-lang=\"es\"><p lang=\"es\" dir=\"ltr\"><a href=\"https:\/\/twitter.com\/hashtag\/%C3%9AltimaHora?src=hash&amp;ref_src=twsrc%5Etfw\">#\u00daltimaHora<\/a> <br>\u00a1Otra vez la Central de Abasto! Un local se incendi\u00f3 la madrugada de este domingo en el centro comercial popular m\u00e1s grande de la ciudad de <a href=\"https:\/\/twitter.com\/hashtag\/Oaxaca?src=hash&amp;ref_src=twsrc%5Etfw\">#Oaxaca<\/a>. <br>Personal de <a href=\"https:\/\/twitter.com\/Bomberos_GobOax?ref_src=twsrc%5Etfw\">@Bomberos_GobOax<\/a> acudi\u00f3 a sofocar el siniestro y s\u00f3lo se reportan da\u00f1os materiales. <a href=\"https:\/\/t.co\/nLqazt0wtf\">pic.twitter.com\/nLqazt0wtf<\/a><\/p>&mdash; Zona Roja Oaxaca (@MexRoja) <a href=\"https:\/\/twitter.com\/MexRoja\/status\/1302588304295067652?ref_src=twsrc%5Etfw\">6 de septiembre de 2020<\/a><\/blockquote><\/div>\n<\/div><\/figure>\n\n\n\n<p>Al menos una hora dur\u00f3 el combate al fuego, en que los tragahumo tuvieron que romper l\u00e1minas y candados para sofocar totalmente el siniestro; no obstante, el fuego alcanz\u00f3 totalmente al menos dos locales.<\/p>\n\n\n\n<p>Hasta la ma\u00f1ana de este domingo no se han dado a conocer las causas que originaron la conflagraci\u00f3n.<\/p>\n\n\n\n<p>Fue la noche del pasado 27 de mayo y madrugada del d\u00eda 28 en que ocurri\u00f3 otro siniestro de mayor magnitud, en la Central de Abasto, lo que consumi\u00f3 m\u00e1s de un centenar de locales y que hasta el momento no han sido rehabilitados.<\/p>\n","protected":false},"excerpt":{"rendered":"<p>Redacci\u00f3n\/Zona Roja. Oaxaca de Ju\u00e1rez, Oax., Un en\u00e9simo incendio en la Central de Abasto de&hellip;<\/p>\n","protected":false},"author":2,"featured_media":17268,"comment_status":"closed","ping_status":"open","sticky":false,"template":"","format":"standard","meta":{"_lmt_disableupdate":"","_lmt_disable":"","_jetpack_memberships_contains_paid_content":false,"footnotes":""},"categories":[109,47],"tags":[1168],"class_list":["post-17267","post","type-post","status-publish","format-standard","has-post-thumbnail","hentry","category-minuto-a-minuto","category-zona-gris","tag-central-de-abasto-ciudad-de-oaxaca"],"jetpack_featured_media_url":"https:\/\/zonaroja.com.mx\/wp-content\/uploads\/2020\/09\/Incendio-Mercado-de-Abasto.jpg","jetpack_sharing_enabled":true,"_links":{"self":[{"href":"https:\/\/zonaroja.com.mx\/index.php?rest_route=\/wp\/v2\/posts\/17267","targetHints":{"allow":["GET"]}}],"collection":[{"href":"https:\/\/zonaroja.com.mx\/index.php?rest_route=\/wp\/v2\/posts"}],"about":[{"href":"https:\/\/zonaroja.com.mx\/index.php?rest_route=\/wp\/v2\/types\/post"}],"author":[{"embeddable":true,"href":"https:\/\/zonaroja.com.mx\/index.php?rest_route=\/wp\/v2\/users\/2"}],"replies":[{"embeddable":true,"href":"https:\/\/zonaroja.com.mx\/index.php?rest_route=%2Fwp%2Fv2%2Fcomments&post=17267"}],"version-history":[{"count":2,"href":"https:\/\/zonaroja.com.mx\/index.php?rest_route=\/wp\/v2\/posts\/17267\/revisions"}],"predecessor-version":[{"id":17270,"href":"https:\/\/zonaroja.com.mx\/index.php?rest_route=\/wp\/v2\/posts\/17267\/revisions\/17270"}],"wp:featuredmedia":[{"embeddable":true,"href":"https:\/\/zonaroja.com.mx\/index.php?rest_route=\/wp\/v2\/media\/17268"}],"wp:attachment":[{"href":"https:\/\/zonaroja.com.mx\/index.php?rest_route=%2Fwp%2Fv2%2Fmedia&parent=17267"}],"wp:term":[{"taxonomy":"category","embeddable":true,"href":"https:\/\/zonaroja.com.mx\/index.php?rest_route=%2Fwp%2Fv2%2Fcategories&post=17267"},{"taxonomy":"post_tag","embeddable":true,"href":"https:\/\/zonaroja.com.mx\/index.php?rest_route=%2Fwp%2Fv2%2Ftags&post=17267"}],"curies":[{"name":"wp","href":"https:\/\/api.w.org\/{rel}","templated":true}]}}