{"id":1727,"date":"2019-06-20T22:05:52","date_gmt":"2019-06-21T03:05:52","guid":{"rendered":"http:\/\/www.zonaroja.com.mx\/?p=1727"},"modified":"2019-06-20T22:08:24","modified_gmt":"2019-06-21T03:08:24","slug":"a-un-mes-de-guelaguetza-aumenta-violencia-hoy-5-asesinados","status":"publish","type":"post","link":"https:\/\/zonaroja.com.mx\/?p=1727","title":{"rendered":"A un mes de Guelaguetza, aumenta violencia; hoy 5 asesinados"},"content":{"rendered":"\n<p>Ismael\nGarc\u00eda M.<\/p>\n\n\n\n<p>Oaxaca de\nJu\u00e1rez, Oax., 20 de junio de 2019.- A un mes de las fiestas de la Guelaguetza,\nOaxaca vivi\u00f3 otra jornada violenta, con cinco asesinatos, perpetrados uno en la\ncapital del estado, uno en la regi\u00f3n del Istmo de Tehuantepec y tres en la\nCuenca del Papaloapan.<\/p>\n\n\n\n<p>Esta noche\nfuentes de la Vicefiscal\u00eda Regional de la Cuenca confirmaron el hallazgo de\ntres cuerpos, en la comunidad de Cerro Caliente, agencia de Santiago Jocotepec.<\/p>\n\n\n\n<p>Las v\u00edctimas\npresentan disparos de armas de fuego y fueron identificadas como R\u00e9gulo Jim\u00e9nez\nPulido, Fidel Cruz Mendoza, y Mario Cruz Ger\u00f3nimo, adem\u00e1s de una persona\nlesionada, Saturnino Cruz Mendoza.<\/p>\n\n\n\n<p>Los hechos\nsucedieron aproximadamente a las 13:00 horas en un potrero y hasta el momento\nse desconoce qui\u00e9n o qui\u00e9nes fueron los autores del triple homicidio.<\/p>\n\n\n\n<p>EN PLENO CENTRO HIST\u00d3RICO<\/p>\n\n\n\n<figure class=\"wp-block-embed-twitter wp-block-embed is-type-rich is-provider-twitter\"><div class=\"wp-block-embed__wrapper\">\n<div class=\"twitter-tweet\"><blockquote class=\"twitter-tweet\" data-lang=\"es\"><p lang=\"es\" dir=\"ltr\"><a href=\"https:\/\/twitter.com\/hashtag\/OaxacaRojo?src=hash&amp;ref_src=twsrc%5Etfw\">#OaxacaRojo<\/a><br>A un mes de la <a href=\"https:\/\/twitter.com\/hashtag\/Guelaguetza2019?src=hash&amp;ref_src=twsrc%5Etfw\">#Guelaguetza2019<\/a>, en el Centro Hist\u00f3rico de la ciudad de <a href=\"https:\/\/twitter.com\/hashtag\/Oaxaca?src=hash&amp;ref_src=twsrc%5Etfw\">#Oaxaca<\/a> asesinan a balazos a una persona. Fue en la avenida Hidalgo, entre 20 de Noviembre y J. P. Garc\u00eda, a dos cuadras del Palacio de <a href=\"https:\/\/twitter.com\/GobOax?ref_src=twsrc%5Etfw\">@GobOax<\/a>.  Anoche fue ultimada otra persona en la capital. <a href=\"https:\/\/t.co\/UGNJ3GTZKl\">pic.twitter.com\/UGNJ3GTZKl<\/a><\/p>&mdash; Zona Roja Oaxaca (@MexRoja) <a href=\"https:\/\/twitter.com\/MexRoja\/status\/1141784955862822914?ref_src=twsrc%5Etfw\">20 de junio de 2019<\/a><\/blockquote><\/div>\n<\/div><\/figure>\n\n\n\n<p>En el Centro\nHist\u00f3rico de la capital, a una cuadra de la Alameda de Le\u00f3n, fue ejecutado un\nindividuo, originario de Miahuatl\u00e1n de Porfirio D\u00edaz, frente a sus hijas Luisa\nEsperanza y Mar\u00eda de Jes\u00fas, y a la entrada de un local de lentes.<\/p>\n\n\n\n<p>Fue\nidentificado como Armando Aar\u00f3n S\u00e1nchez Cruz, quien presuntamente portaba tambi\u00e9n\nun arma de fuego dentro de una mariconera.<\/p>\n\n\n\n<p>Seg\u00fan\ninformaron los familiares, el occiso se dedicaba a la venta de terrenos as\u00ed\ncomo a la preparaci\u00f3n de barbaco; supuestamente fue un intento de asalto,\naunque el o los delincuentes no se llevaron objetos de valor.<\/p>\n\n\n\n<p>El extinto fue familiar del ex candidato a presidente municipal de Miahuatl\u00e1n, Tom\u00e1s Mart\u00ednez, y en marzo de 2017 ya hab\u00eda sufrido un atentado, en que perdi\u00f3 la vida la joven Wendy Carolina.<\/p>\n\n\n\n<figure class=\"wp-block-image\"><img decoding=\"async\" width=\"543\" height=\"535\" src=\"http:\/\/www.zonaroja.com.mx\/wp-content\/uploads\/2019\/06\/Asesinato-Salina-Cruz.jpg\" alt=\"\" class=\"wp-image-1730\" srcset=\"https:\/\/zonaroja.com.mx\/wp-content\/uploads\/2019\/06\/Asesinato-Salina-Cruz.jpg 543w, https:\/\/zonaroja.com.mx\/wp-content\/uploads\/2019\/06\/Asesinato-Salina-Cruz-300x296.jpg 300w\" sizes=\"(max-width: 543px) 100vw, 543px\" \/><\/figure>\n\n\n\n<p>TAMBI\u00c9N EL\nISTMO<\/p>\n\n\n\n<p>En Salina\nCruz, tambi\u00e9n fue ultimada otra persona del sexo masculino, sobre la carretera\na San Pedro Huilotepec, a la altura de la colonia C\u00e9sar Linton, cerca de la\nrefiner\u00eda \u201cIng. Antonio Doval\u00ed Jaime\u201d.<\/p>\n\n\n\n<p>Presuntamente\nfue ejecutado desde el interior de su camioneta, tipo Ram, marca Dodge, color\nblanca; fue identificado como Gustavo M. C., de aproximadamente 42 a\u00f1os de\nedad, de ocupaci\u00f3n transportista. En todos los casos, no hay personas\ndetenidas. <\/p>\n","protected":false},"excerpt":{"rendered":"<p>Ismael Garc\u00eda M. Oaxaca de Ju\u00e1rez, Oax., 20 de junio de 2019.- A un mes&hellip;<\/p>\n","protected":false},"author":2,"featured_media":1728,"comment_status":"closed","ping_status":"open","sticky":false,"template":"","format":"standard","meta":{"_lmt_disableupdate":"","_lmt_disable":"","_jetpack_memberships_contains_paid_content":false,"footnotes":""},"categories":[109,51],"tags":[160,169,148,168],"class_list":["post-1727","post","type-post","status-publish","format-standard","has-post-thumbnail","hentry","category-minuto-a-minuto","category-zona-roja","tag-homicidios","tag-miahuatlan-de-porfirio-diaz","tag-oaxaca-de-juarez","tag-salina-cruz"],"jetpack_featured_media_url":"https:\/\/zonaroja.com.mx\/wp-content\/uploads\/2019\/06\/Asesinato-ciudad-de-Oaxaca.jpg","jetpack_sharing_enabled":true,"_links":{"self":[{"href":"https:\/\/zonaroja.com.mx\/index.php?rest_route=\/wp\/v2\/posts\/1727","targetHints":{"allow":["GET"]}}],"collection":[{"href":"https:\/\/zonaroja.com.mx\/index.php?rest_route=\/wp\/v2\/posts"}],"about":[{"href":"https:\/\/zonaroja.com.mx\/index.php?rest_route=\/wp\/v2\/types\/post"}],"author":[{"embeddable":true,"href":"https:\/\/zonaroja.com.mx\/index.php?rest_route=\/wp\/v2\/users\/2"}],"replies":[{"embeddable":true,"href":"https:\/\/zonaroja.com.mx\/index.php?rest_route=%2Fwp%2Fv2%2Fcomments&post=1727"}],"version-history":[{"count":2,"href":"https:\/\/zonaroja.com.mx\/index.php?rest_route=\/wp\/v2\/posts\/1727\/revisions"}],"predecessor-version":[{"id":1732,"href":"https:\/\/zonaroja.com.mx\/index.php?rest_route=\/wp\/v2\/posts\/1727\/revisions\/1732"}],"wp:featuredmedia":[{"embeddable":true,"href":"https:\/\/zonaroja.com.mx\/index.php?rest_route=\/wp\/v2\/media\/1728"}],"wp:attachment":[{"href":"https:\/\/zonaroja.com.mx\/index.php?rest_route=%2Fwp%2Fv2%2Fmedia&parent=1727"}],"wp:term":[{"taxonomy":"category","embeddable":true,"href":"https:\/\/zonaroja.com.mx\/index.php?rest_route=%2Fwp%2Fv2%2Fcategories&post=1727"},{"taxonomy":"post_tag","embeddable":true,"href":"https:\/\/zonaroja.com.mx\/index.php?rest_route=%2Fwp%2Fv2%2Ftags&post=1727"}],"curies":[{"name":"wp","href":"https:\/\/api.w.org\/{rel}","templated":true}]}}