{"id":17271,"date":"2020-09-06T10:36:43","date_gmt":"2020-09-06T15:36:43","guid":{"rendered":"http:\/\/www.zonaroja.com.mx\/?p=17271"},"modified":"2020-09-06T10:36:49","modified_gmt":"2020-09-06T15:36:49","slug":"increpan-a-gobernador-en-ayutla-y-le-exigen-reconexion-a-manantial","status":"publish","type":"post","link":"https:\/\/zonaroja.com.mx\/?p=17271","title":{"rendered":"Increpan a gobernador en Ayutla y le exigen reconexi\u00f3n a manantial"},"content":{"rendered":"\n<p>Redacci\u00f3n\/Zona Roja.<\/p>\n\n\n\n<p>Oaxaca de Ju\u00e1rez, Oax., 6 de septiembre de 2020.- La comitiva del gobernador Alejandro Murat Hinojosa fue detenida ayer en San Pedro y San Pablo Ayutla Mixe, cuando se dirig\u00eda a Santa Mar\u00eda Tlahuitoltepec a entregar instrumentos musicales.<\/p>\n\n\n\n<p>Seg\u00fan un video difundido por Joaqu\u00edn Galv\u00e1n, fue por unos minutos en que increparon al mandatario:<\/p>\n\n\n\n<p>\u201cMurat, te lo dije hace rato, no queremos simulaciones, queremos que cumplas con la reconexi\u00f3n del manantial de forma inmediata, no hay ning\u00fan impedimento legal para ello y eso lo dej\u00f3 claro el juez, no montajes, nuestra autoridad ya lo dijo\u201d, poste\u00f3 Joaqu\u00edn Galv\u00e1n.<\/p>\n\n\n\n<figure class=\"wp-block-embed-twitter wp-block-embed is-type-rich is-provider-twitter\"><div class=\"wp-block-embed__wrapper\">\n<div class=\"twitter-tweet\"><blockquote class=\"twitter-tweet\" data-lang=\"es\"><p lang=\"es\" dir=\"ltr\">Acabo de encontrarme con <a href=\"https:\/\/twitter.com\/alejandromurat?ref_src=twsrc%5Etfw\">@alejandromurat<\/a>  quien iba pasando por Ayutla, acabo de recalcarle que tiene la obligaci\u00f3n jur\u00eddica y pol\u00edtica de RECONECTAR NUESTRA AGUA  obligaci\u00f3n que desvirt\u00faa diciendo q est\u00e1 explorando otras opciones, NO PERMITIREMOS ENGA\u00d1OS, RECONEXI\u00d3N INMEDIATA<\/p>&mdash; Joaqu\u00edn Galv\u00e1n (@quinomixe) <a href=\"https:\/\/twitter.com\/quinomixe\/status\/1302345860664049664?ref_src=twsrc%5Etfw\">5 de septiembre de 2020<\/a><\/blockquote><\/div>\n<\/div><\/figure>\n\n\n\n<p>Previamente difundi\u00f3:<\/p>\n\n\n\n<p>\u201cAcabo de encontrarme con Alejandro Murat, quien iba pasando por Ayutla, acabo de recalcarle que tiene la obligaci\u00f3n jur\u00eddica y pol\u00edtica de reconectar nuestra agua, obligaci\u00f3n que desvirt\u00faa diciendo que est\u00e1n explorando otras opciones. No permitiremos m\u00e1s enga\u00f1os, reconexi\u00f3n inmediata\u201d.<\/p>\n\n\n\n<p>Seg\u00fan el activista, quien junto con la poblaci\u00f3n ha reclamado la reconexi\u00f3n al manantial, que disputa Tamazul\u00e1pam del Esp\u00edritu Santo, el gobernador se comprometi\u00f3 a atenderlos el pr\u00f3ximo mi\u00e9rcoles. \u201cEstaremos atentos y no permitiremos m\u00e1s dilaciones\u201d, dijo Galv\u00e1n.<\/p>\n\n\n\n<p>Desde el 5 de junio de 2017 se suscit\u00f3 un ataque armado contra pobladores de Ayutla por la disputa del manantial, presuntamente por Tamazul\u00e1pam, lo que dej\u00f3 un saldo de una persona fallecida, Luis Juan, y el secuestro y tortura de cuatro mujeres; en estos casos, a\u00fan no ha habido justicia.<\/p>\n\n\n\n<figure class=\"wp-block-embed-twitter wp-block-embed is-type-rich is-provider-twitter\"><div class=\"wp-block-embed__wrapper\">\n<div class=\"twitter-tweet\"><blockquote class=\"twitter-tweet\" data-lang=\"es\"><p lang=\"es\" dir=\"ltr\">Murat, te lo dije hace rato, no queremos simulaciones, queremos que cumplas con la RECONEXI\u00d3N DEL MANANTIAL DE AYUTLA de forma INMEDIATA, no hay ning\u00fan impedimento legal para ello y eso lo dej\u00f3 claro el juez, no montajes,nuestra autoridad ya lo dijo <a href=\"https:\/\/t.co\/T4WNBI5pLi\">pic.twitter.com\/T4WNBI5pLi<\/a><\/p>&mdash; Joaqu\u00edn Galv\u00e1n (@quinomixe) <a href=\"https:\/\/twitter.com\/quinomixe\/status\/1302406214282743808?ref_src=twsrc%5Etfw\">6 de septiembre de 2020<\/a><\/blockquote><\/div>\n<\/div><\/figure>\n\n\n\n<p>En la segunda semana de agosto de este a\u00f1o, un juez federal otorg\u00f3 un amparo a favor de Ayutla, para que se respete su derecho al agua y se reconecte al manantial.<\/p>\n\n\n\n<p>En respuesta, el director de la Comisi\u00f3n Estatal del Agua, H\u00e9ctor Pablo Ram\u00edrez Puga Leyva, acudi\u00f3 al inicio de construcci\u00f3n de un pozo profundo, lo cual fue rechazado por autoridades municipales y comunales, as\u00ed como por la asamblea de la poblaci\u00f3n.<\/p>\n","protected":false},"excerpt":{"rendered":"<p>Redacci\u00f3n\/Zona Roja. Oaxaca de Ju\u00e1rez, Oax., 6 de septiembre de 2020.- La comitiva del gobernador&hellip;<\/p>\n","protected":false},"author":2,"featured_media":17272,"comment_status":"closed","ping_status":"open","sticky":false,"template":"","format":"standard","meta":{"_lmt_disableupdate":"","_lmt_disable":"","_jetpack_memberships_contains_paid_content":false,"footnotes":""},"categories":[109,47],"tags":[501],"class_list":["post-17271","post","type-post","status-publish","format-standard","has-post-thumbnail","hentry","category-minuto-a-minuto","category-zona-gris","tag-san-pedro-y-san-pablo-ayutla-mixe"],"jetpack_featured_media_url":"https:\/\/zonaroja.com.mx\/wp-content\/uploads\/2020\/09\/Retencion-gobernador-Ayutla.jpg","jetpack_sharing_enabled":true,"_links":{"self":[{"href":"https:\/\/zonaroja.com.mx\/index.php?rest_route=\/wp\/v2\/posts\/17271","targetHints":{"allow":["GET"]}}],"collection":[{"href":"https:\/\/zonaroja.com.mx\/index.php?rest_route=\/wp\/v2\/posts"}],"about":[{"href":"https:\/\/zonaroja.com.mx\/index.php?rest_route=\/wp\/v2\/types\/post"}],"author":[{"embeddable":true,"href":"https:\/\/zonaroja.com.mx\/index.php?rest_route=\/wp\/v2\/users\/2"}],"replies":[{"embeddable":true,"href":"https:\/\/zonaroja.com.mx\/index.php?rest_route=%2Fwp%2Fv2%2Fcomments&post=17271"}],"version-history":[{"count":1,"href":"https:\/\/zonaroja.com.mx\/index.php?rest_route=\/wp\/v2\/posts\/17271\/revisions"}],"predecessor-version":[{"id":17273,"href":"https:\/\/zonaroja.com.mx\/index.php?rest_route=\/wp\/v2\/posts\/17271\/revisions\/17273"}],"wp:featuredmedia":[{"embeddable":true,"href":"https:\/\/zonaroja.com.mx\/index.php?rest_route=\/wp\/v2\/media\/17272"}],"wp:attachment":[{"href":"https:\/\/zonaroja.com.mx\/index.php?rest_route=%2Fwp%2Fv2%2Fmedia&parent=17271"}],"wp:term":[{"taxonomy":"category","embeddable":true,"href":"https:\/\/zonaroja.com.mx\/index.php?rest_route=%2Fwp%2Fv2%2Fcategories&post=17271"},{"taxonomy":"post_tag","embeddable":true,"href":"https:\/\/zonaroja.com.mx\/index.php?rest_route=%2Fwp%2Fv2%2Ftags&post=17271"}],"curies":[{"name":"wp","href":"https:\/\/api.w.org\/{rel}","templated":true}]}}