{"id":17280,"date":"2020-09-06T17:02:21","date_gmt":"2020-09-06T22:02:21","guid":{"rendered":"http:\/\/www.zonaroja.com.mx\/?p=17280"},"modified":"2020-09-06T17:02:26","modified_gmt":"2020-09-06T22:02:26","slug":"oaxaquena-defensora-de-derechos-humanos-en-festival-de-cine-en-la-cdmx","status":"publish","type":"post","link":"https:\/\/zonaroja.com.mx\/?p=17280","title":{"rendered":"Oaxaque\u00f1a defensora de derechos humanos, en Festival de Cine en la Cdmx"},"content":{"rendered":"\n<p>Redacci\u00f3n\/Zona Roja.<\/p>\n\n\n\n<p>Oaxaca de Ju\u00e1rez, Oax., 6 de septiembre de 2020.- Patricia Silva es maestra, enfermera y directora de Mujeres en Desarrollo Para el Progreso de San Luis Morelia; con la construcci\u00f3n de tanques y sistemas de captaci\u00f3n de agua de lluvia, ella y su organizaci\u00f3n ayudan a que familias de escasos recursos de la regi\u00f3n Mixteca de Oaxaca, tengan acceso a agua limpia para uso dom\u00e9stico y agr\u00edcola.<\/p>\n\n\n\n<p>Patricia forma parte del proyecto Polo para la Ciudadan\u00eda Participativa cofinanciado por la Uni\u00f3n Europea en M\u00e9xico y promovido por Fundaci\u00f3n AVSI en M\u00e9xico, Sikanda A.C., SEPICJ A.C y Centro Lindavista, que durante m\u00e1s de tres a\u00f1os ha empoderado a m\u00e1s de 300 activistas, miembros de 200 organismos no gubernamentales en los estados de Oaxaca, Guerrero y Puebla.<\/p>\n\n\n\n<p>El trabajo de Patricia ha sido documentado por el director italiano Matteo Bastianelli en el cortometraje \u201cFortaleza M\u00e9xico\u201d, que ser\u00e1 presentado el 9 de septiembre de 2020, como parte de la Muestra Mexicana de Cine Documental de la 15 Edici\u00f3n de Shorts M\u00e9xico, que se lleva a cabo del 2 al 18 de septiembre del presente a\u00f1o.<\/p>\n\n\n\n<p>El documental cuenta la historia de cuatro mujeres l\u00edderes de organizaciones de la sociedad civil en M\u00e9xico que han participado en el proyecto Polo.<\/p>\n\n\n\n<p>SOBRE \u201cFORTALEZA M\u00c9XICO\u201d<\/p>\n\n\n\n<p>En todo M\u00e9xico, casi 40 mil personas est\u00e1n clasificadas como \u00abdesaparecidas\u00bb por el gobierno.<\/p>\n\n\n\n<p>Una violencia generalizada que se ha cobrado m\u00e1s de 250 mil vidas desde 2006. \u201cFortaleza M\u00e9xico\u201d muestra un viaje entre los estados de Guerrero, Oaxaca y Puebla, donde los familiares de los desaparecidos est\u00e1n tratando de encontrar a sus seres queridos, las comunidades ind\u00edgenas est\u00e1n aplicando soluciones para resolver los problemas relativos a la seguridad, el acceso al agua y la defensa de los derechos de los trabajadores de las maquilas.<\/p>\n\n\n\n<p>En este contexto problem\u00e1tico es donde la sociedad civil, junto con las ONG locales, apoyada por un proyecto internacional promovido por la fundaci\u00f3n AVSI y cofinanciado por la Uni\u00f3n Europea, est\u00e1n tratando de cambiar su futuro.<\/p>\n\n\n\n<p>Shorts M\u00e9xico es el festival cinematogr\u00e1fico especializado en cortometrajes m\u00e1s grande de Am\u00e9rica Latina; una plataforma que apoya y promueve expresiones creativas de cineastas emergentes y consolidados de todo el mundo.<\/p>\n\n\n\n<p>\u201cFortaleza M\u00e9xico\u201d forma parte del programa Sexto del Festival de Cine y se estar\u00e1 presentando ma\u00f1ana lunes 7 de septiembre a las 16:30 horas en el Cinemex Reforma 222, en la Ciudad de M\u00e9xico.<\/p>\n\n\n\n<p>Los boletos se encontrar\u00e1n disponibles en el siguiente enlace: https:\/\/cinemex.com\/cine\/237\/cinemex-reforma-222<\/p>\n\n\n\n<p>Tambi\u00e9n estar\u00e1 disponible en l\u00ednea del 2 al 9 de septiembre a trav\u00e9s del portal de FESTHOME TV y shortsmexico.com: https:\/\/tv.festhome.com\/ff\/shorts-m-xico-festival-internacional-de-cortometrajes-de-m-xico\/630\/179696<\/p>\n\n\n\n<p>Nota: es necesario registrarse en Fest Homme y aceptar los t\u00e9rminos y condiciones para poder acceder al contenido del festival. (Comunicado)<\/p>\n","protected":false},"excerpt":{"rendered":"<p>Redacci\u00f3n\/Zona Roja. Oaxaca de Ju\u00e1rez, Oax., 6 de septiembre de 2020.- Patricia Silva es maestra,&hellip;<\/p>\n","protected":false},"author":2,"featured_media":17281,"comment_status":"closed","ping_status":"open","sticky":false,"template":"","format":"standard","meta":{"_lmt_disableupdate":"","_lmt_disable":"","_jetpack_memberships_contains_paid_content":false,"footnotes":""},"categories":[109,46],"tags":[1993,1992],"class_list":["post-17280","post","type-post","status-publish","format-standard","has-post-thumbnail","hentry","category-minuto-a-minuto","category-zona-blanca","tag-cortometraje-fortaleza-mexico","tag-patricia-silva"],"jetpack_featured_media_url":"https:\/\/zonaroja.com.mx\/wp-content\/uploads\/2020\/09\/Patricia-Silva.jpg","jetpack_sharing_enabled":true,"_links":{"self":[{"href":"https:\/\/zonaroja.com.mx\/index.php?rest_route=\/wp\/v2\/posts\/17280","targetHints":{"allow":["GET"]}}],"collection":[{"href":"https:\/\/zonaroja.com.mx\/index.php?rest_route=\/wp\/v2\/posts"}],"about":[{"href":"https:\/\/zonaroja.com.mx\/index.php?rest_route=\/wp\/v2\/types\/post"}],"author":[{"embeddable":true,"href":"https:\/\/zonaroja.com.mx\/index.php?rest_route=\/wp\/v2\/users\/2"}],"replies":[{"embeddable":true,"href":"https:\/\/zonaroja.com.mx\/index.php?rest_route=%2Fwp%2Fv2%2Fcomments&post=17280"}],"version-history":[{"count":1,"href":"https:\/\/zonaroja.com.mx\/index.php?rest_route=\/wp\/v2\/posts\/17280\/revisions"}],"predecessor-version":[{"id":17282,"href":"https:\/\/zonaroja.com.mx\/index.php?rest_route=\/wp\/v2\/posts\/17280\/revisions\/17282"}],"wp:featuredmedia":[{"embeddable":true,"href":"https:\/\/zonaroja.com.mx\/index.php?rest_route=\/wp\/v2\/media\/17281"}],"wp:attachment":[{"href":"https:\/\/zonaroja.com.mx\/index.php?rest_route=%2Fwp%2Fv2%2Fmedia&parent=17280"}],"wp:term":[{"taxonomy":"category","embeddable":true,"href":"https:\/\/zonaroja.com.mx\/index.php?rest_route=%2Fwp%2Fv2%2Fcategories&post=17280"},{"taxonomy":"post_tag","embeddable":true,"href":"https:\/\/zonaroja.com.mx\/index.php?rest_route=%2Fwp%2Fv2%2Ftags&post=17280"}],"curies":[{"name":"wp","href":"https:\/\/api.w.org\/{rel}","templated":true}]}}