{"id":17284,"date":"2020-09-06T17:16:06","date_gmt":"2020-09-06T22:16:06","guid":{"rendered":"http:\/\/www.zonaroja.com.mx\/?p=17284"},"modified":"2020-09-06T17:16:09","modified_gmt":"2020-09-06T22:16:09","slug":"identifican-a-taxista-y-su-companero-ejecutados-ayer-en-oaxaca-capital","status":"publish","type":"post","link":"https:\/\/zonaroja.com.mx\/?p=17284","title":{"rendered":"Identifican a taxista y su compa\u00f1ero, ejecutados ayer en Oaxaca capital"},"content":{"rendered":"\n<p>Redacci\u00f3n\/Zona Roja.<\/p>\n\n\n\n<p>Oaxaca de Ju\u00e1rez, Oax., 6 de septiembre de 2020.- Como Juan C. C., de 23 a\u00f1os de edad, y Fidel V. R., de 40 a\u00f1os de edad, fueron identificadas por sus familiares las dos personas ejecutadas a balazos ayer en la madrugada en el interior de un taxi, en la ciudad de Oaxaca.<\/p>\n\n\n\n<p>Seg\u00fan las primeras indagatorias de las autoridades ministeriales, los dos eran agremiados al Frente Popular \u201c14 de Junio\u201d, que fund\u00f3 Francisco Mart\u00ednez S\u00e1nchez, alias \u201cDon Panchito\u201d, quien sigue pr\u00f3fugo de la justicia.<\/p>\n\n\n\n<p>Ambos fueron ultimados a balazos en los primeros minutos de este s\u00e1bado en el interior de la unidad de motor del servicio p\u00fablico marca Nissan tipo Tsuru, con n\u00famero econ\u00f3mico 07-268 del sitio \u201cCopabitoo\u201d de la Villa de Zaachila y placas de circulaci\u00f3n 8044SJK del estado.<\/p>\n\n\n\n<p>Juan, conocido con el mote de \u201cEl Chivo\u201d y Fidel, alias \u201cEl Peque\u00f1o\u201d, presuntamente se dedicaban al narcomenudeo y a los asaltos, l\u00edneas indagatorias que sigue personal de la Agencia Estatal de Investigaciones (AEI).<\/p>\n\n\n\n<p>Junto a uno de los cuerpos estaba una hoja que dec\u00eda, \u201cSigues tu pitus\u201d y lo firmaba una organizaci\u00f3n delictiva.<\/p>\n\n\n\n<p>Fidel tuvo su domicilio en Cuil\u00e1pam de Guerrero y Juan viv\u00eda en la Villa de Etla.<\/p>\n","protected":false},"excerpt":{"rendered":"<p>Redacci\u00f3n\/Zona Roja. Oaxaca de Ju\u00e1rez, Oax., 6 de septiembre de 2020.- Como Juan C. C.,&hellip;<\/p>\n","protected":false},"author":2,"featured_media":17285,"comment_status":"closed","ping_status":"open","sticky":false,"template":"","format":"standard","meta":{"_lmt_disableupdate":"","_lmt_disable":"","_jetpack_memberships_contains_paid_content":false,"footnotes":""},"categories":[109,51],"tags":[148],"class_list":["post-17284","post","type-post","status-publish","format-standard","has-post-thumbnail","hentry","category-minuto-a-minuto","category-zona-roja","tag-oaxaca-de-juarez"],"jetpack_featured_media_url":"https:\/\/zonaroja.com.mx\/wp-content\/uploads\/2020\/09\/Ejecutados-taxi-ciudad-de-Oaxaca-2.jpg","jetpack_sharing_enabled":true,"_links":{"self":[{"href":"https:\/\/zonaroja.com.mx\/index.php?rest_route=\/wp\/v2\/posts\/17284","targetHints":{"allow":["GET"]}}],"collection":[{"href":"https:\/\/zonaroja.com.mx\/index.php?rest_route=\/wp\/v2\/posts"}],"about":[{"href":"https:\/\/zonaroja.com.mx\/index.php?rest_route=\/wp\/v2\/types\/post"}],"author":[{"embeddable":true,"href":"https:\/\/zonaroja.com.mx\/index.php?rest_route=\/wp\/v2\/users\/2"}],"replies":[{"embeddable":true,"href":"https:\/\/zonaroja.com.mx\/index.php?rest_route=%2Fwp%2Fv2%2Fcomments&post=17284"}],"version-history":[{"count":1,"href":"https:\/\/zonaroja.com.mx\/index.php?rest_route=\/wp\/v2\/posts\/17284\/revisions"}],"predecessor-version":[{"id":17286,"href":"https:\/\/zonaroja.com.mx\/index.php?rest_route=\/wp\/v2\/posts\/17284\/revisions\/17286"}],"wp:featuredmedia":[{"embeddable":true,"href":"https:\/\/zonaroja.com.mx\/index.php?rest_route=\/wp\/v2\/media\/17285"}],"wp:attachment":[{"href":"https:\/\/zonaroja.com.mx\/index.php?rest_route=%2Fwp%2Fv2%2Fmedia&parent=17284"}],"wp:term":[{"taxonomy":"category","embeddable":true,"href":"https:\/\/zonaroja.com.mx\/index.php?rest_route=%2Fwp%2Fv2%2Fcategories&post=17284"},{"taxonomy":"post_tag","embeddable":true,"href":"https:\/\/zonaroja.com.mx\/index.php?rest_route=%2Fwp%2Fv2%2Ftags&post=17284"}],"curies":[{"name":"wp","href":"https:\/\/api.w.org\/{rel}","templated":true}]}}