{"id":17287,"date":"2020-09-06T19:44:33","date_gmt":"2020-09-07T00:44:33","guid":{"rendered":"http:\/\/www.zonaroja.com.mx\/?p=17287"},"modified":"2020-09-06T19:44:37","modified_gmt":"2020-09-07T00:44:37","slug":"abren-a-partir-de-manana-espacios-deportivos-del-gobierno-en-oaxaca","status":"publish","type":"post","link":"https:\/\/zonaroja.com.mx\/?p=17287","title":{"rendered":"Abren a partir de ma\u00f1ana espacios deportivos del gobierno en Oaxaca"},"content":{"rendered":"\n<p>Redacci\u00f3n\/Zona Roja.<\/p>\n\n\n\n<p>Oaxaca de Ju\u00e1rez, Oax., 6 de septiembre de 2020.- Al iniciar la segunda semana en sem\u00e1foro epidemiol\u00f3gico en color amarillo, el titular del Ejecutivo estatal, Alejandro Murat Hinojosa, anunci\u00f3 la apertura de espacios deportivos a cargo del gobierno, para actividades individuales.<\/p>\n\n\n\n<p>Asimismo, en un videomensaje que emiti\u00f3 a trav\u00e9s de la Corporaci\u00f3n Oaxaque\u00f1a de Radio y Televisi\u00f3n (Cortv), exhort\u00f3 a las autoridades de los 570 municipios a hacer tambi\u00e9n lo mismo, a fin de fomentar la pr\u00e1ctica deportiva, como una opci\u00f3n para una vida saludable.<\/p>\n\n\n\n<p>De acuerdo con un comunicado de prensa, se trata del Polideportivo \u201cVenustiano Carranza\u201d, la Unidad Deportiva y el Bosque \u201cEl Tequio\u201d, as\u00ed como el Parque \u201cLuis Donaldo Colosio\u201d; los cuales estar\u00e1n abiertos de 07:00 a 17:00 horas.<\/p>\n\n\n\n<p>Luego de dar a conocer que Oaxaca contin\u00faa en sem\u00e1foro epidemiol\u00f3gico amarillo, el mandatario asever\u00f3 que la apertura de estos espacios ser\u00e1 exclusivamente para actividades deportivas individuales y al aire libre y, por supuesto, cumpliendo con todas las medidas de mitigaci\u00f3n.<\/p>\n\n\n\n<p>Asimismo, convoc\u00f3 a las presidentas y presidentes municipales de la entidad, para que tambi\u00e9n abran sus espacios deportivos al aire libre y promuevan el deporte.<\/p>\n\n\n\n<figure class=\"wp-block-embed-twitter wp-block-embed is-type-rich is-provider-twitter\"><div class=\"wp-block-embed__wrapper\">\n<div class=\"twitter-tweet\"><blockquote class=\"twitter-tweet\" data-lang=\"es\"><p lang=\"es\" dir=\"ltr\">Si queremos disfrutar con total libertad de la belleza de Oaxaca, es importante utilizar el cubrebocas; les dejo el acostumbrado mensaje de cada domingo. <a href=\"https:\/\/twitter.com\/hashtag\/Reto40xOax?src=hash&amp;ref_src=twsrc%5Etfw\">#Reto40xOax<\/a> <a href=\"https:\/\/t.co\/QC6ALQ0eBP\">pic.twitter.com\/QC6ALQ0eBP<\/a><\/p>&mdash; Alejandro Murat (@alejandromurat) <a href=\"https:\/\/twitter.com\/alejandromurat\/status\/1302759697720639488?ref_src=twsrc%5Etfw\">7 de septiembre de 2020<\/a><\/blockquote><\/div>\n<\/div><\/figure>\n\n\n\n<p>Murat Hinojosa recalc\u00f3 que se deben continuar con las medidas de prevenci\u00f3n como el uso del cubrebocas, el lavado frecuente de manos y la sana distancia; y convoc\u00f3 a redoblar ese esfuerzo, entendiendo que \u201chan cambiado los h\u00e1bitos y que el arma m\u00e1s potente que hoy tenemos para que cuides tu vida, la de tu familia y la de todos, es el cubrebocas\u201d, dijo.<\/p>\n\n\n\n<p>En este sentido, dio a conocer que el \u201cReto 40 d\u00edas por Oaxaca\u201d -que inici\u00f3 el pasado 3 de agosto, encaminado a promover el uso correcto del cubrebocas, desde la nariz a la barbilla- contribuy\u00f3 a transitar del sem\u00e1foro epidemiol\u00f3goco rojo al color naranja.<\/p>\n\n\n\n<p>Detall\u00f3 que cuando se lanz\u00f3 este reto, Oaxaca registraba a m\u00e1s de 400 oaxaque\u00f1os y oaxaque\u00f1as hospitalizados, y actualmente solo se contabilizan 213. Tambi\u00e9n, dijo, la curva epidemiol\u00f3gica estaba ascendente en el n\u00famero de contagios, y hoy est\u00e1 a la baja.<\/p>\n\n\n\n<p>\u201cEste reto de utilizar el cubrebocas de manera permanente, s\u00ed sirve; no s\u00f3lo lo dice la ciencia, no s\u00f3lo lo dice la medicina, si no que aqu\u00ed en Oaxaca, en los hechos, nos hemos dado cuenta de que si usas el cubrebocas te cuidas t\u00fa, cuidas a tu familia y cuidas a toda la sociedad\u201d, finaliz\u00f3.<\/p>\n","protected":false},"excerpt":{"rendered":"<p>Redacci\u00f3n\/Zona Roja. Oaxaca de Ju\u00e1rez, Oax., 6 de septiembre de 2020.- Al iniciar la segunda&hellip;<\/p>\n","protected":false},"author":2,"featured_media":17288,"comment_status":"closed","ping_status":"open","sticky":false,"template":"","format":"standard","meta":{"_lmt_disableupdate":"","_lmt_disable":"","_jetpack_memberships_contains_paid_content":false,"footnotes":""},"categories":[109,47],"tags":[1512],"class_list":["post-17287","post","type-post","status-publish","format-standard","has-post-thumbnail","hentry","category-minuto-a-minuto","category-zona-gris","tag-coronavirus-oaxaca"],"jetpack_featured_media_url":"https:\/\/zonaroja.com.mx\/wp-content\/uploads\/2020\/09\/CRAD-Polideportivo-Oaxaca.jpg","jetpack_sharing_enabled":true,"_links":{"self":[{"href":"https:\/\/zonaroja.com.mx\/index.php?rest_route=\/wp\/v2\/posts\/17287","targetHints":{"allow":["GET"]}}],"collection":[{"href":"https:\/\/zonaroja.com.mx\/index.php?rest_route=\/wp\/v2\/posts"}],"about":[{"href":"https:\/\/zonaroja.com.mx\/index.php?rest_route=\/wp\/v2\/types\/post"}],"author":[{"embeddable":true,"href":"https:\/\/zonaroja.com.mx\/index.php?rest_route=\/wp\/v2\/users\/2"}],"replies":[{"embeddable":true,"href":"https:\/\/zonaroja.com.mx\/index.php?rest_route=%2Fwp%2Fv2%2Fcomments&post=17287"}],"version-history":[{"count":1,"href":"https:\/\/zonaroja.com.mx\/index.php?rest_route=\/wp\/v2\/posts\/17287\/revisions"}],"predecessor-version":[{"id":17289,"href":"https:\/\/zonaroja.com.mx\/index.php?rest_route=\/wp\/v2\/posts\/17287\/revisions\/17289"}],"wp:featuredmedia":[{"embeddable":true,"href":"https:\/\/zonaroja.com.mx\/index.php?rest_route=\/wp\/v2\/media\/17288"}],"wp:attachment":[{"href":"https:\/\/zonaroja.com.mx\/index.php?rest_route=%2Fwp%2Fv2%2Fmedia&parent=17287"}],"wp:term":[{"taxonomy":"category","embeddable":true,"href":"https:\/\/zonaroja.com.mx\/index.php?rest_route=%2Fwp%2Fv2%2Fcategories&post=17287"},{"taxonomy":"post_tag","embeddable":true,"href":"https:\/\/zonaroja.com.mx\/index.php?rest_route=%2Fwp%2Fv2%2Ftags&post=17287"}],"curies":[{"name":"wp","href":"https:\/\/api.w.org\/{rel}","templated":true}]}}