{"id":17292,"date":"2020-09-06T21:29:11","date_gmt":"2020-09-07T02:29:11","guid":{"rendered":"http:\/\/www.zonaroja.com.mx\/?p=17292"},"modified":"2020-09-06T21:29:16","modified_gmt":"2020-09-07T02:29:16","slug":"confirman-asesinato-de-un-individuo-en-santa-lucia-del-camino-oaxaca","status":"publish","type":"post","link":"https:\/\/zonaroja.com.mx\/?p=17292","title":{"rendered":"Confirman asesinato de un individuo en Santa Luc\u00eda del Camino, Oaxaca"},"content":{"rendered":"\n<p>Redacci\u00f3n\/Zona Roja.<\/p>\n\n\n\n<p>Oaxaca de Ju\u00e1rez, Oax., 6 de septiembre de 2020.- Un individuo fue asesinado en los primeros minutos de ayer s\u00e1bado, en Santa Luc\u00eda del Camino, municipio conurbado a la capital de Oaxaca.<\/p>\n\n\n\n<p>De acuerdo con los primeros informes, el crimen se perpetr\u00f3 alrededor de las 00:30 horas en la calle de R\u00edo Chiquito esquina con 19 de Junio de la colonia Calicanto.<\/p>\n\n\n\n<p>Se trata de un trabajador de la industria de la construcci\u00f3n que se dirig\u00eda a su domicilio, en San Francisco Tutla, pero fue atacado con arma blanca por sujetos desconocidos, presuntamente para asaltarlo.<\/p>\n\n\n\n<p>En la zona no hab\u00eda elementos de la Polic\u00eda Municipal, a pesar de la cercan\u00eda de la colonia con la cabecera y el palacio municipal.<\/p>\n\n\n\n<p>Personal param\u00e9dico se traslad\u00f3 al lugar para brindarle los primeros auxilios, pero confirmaron que ya no contaba con signos vitales, por lo cual la polic\u00eda acordon\u00f3 la zona.<\/p>\n\n\n\n<p>Los elementos de la Agencia Estatal de Investigaciones arribaron al lugar para tomar conocimiento y con el apoyo de peritos realizaron la inspecci\u00f3n ocular en el lugar; hasta el momento no han dado con el paradero del o los autores del homicidio.<\/p>\n\n\n\n<p>La v\u00edctima fue identificada como Jonathan R.P., de 25 a\u00f1os de edad, de oficio alba\u00f1il, originario de Candelaria, Santiago Zacatepec Mixe y vecino de San Francisco Tutla, agencia de Santa Luc\u00eda del Camino.<\/p>\n","protected":false},"excerpt":{"rendered":"<p>Redacci\u00f3n\/Zona Roja. Oaxaca de Ju\u00e1rez, Oax., 6 de septiembre de 2020.- Un individuo fue asesinado&hellip;<\/p>\n","protected":false},"author":2,"featured_media":17293,"comment_status":"closed","ping_status":"open","sticky":false,"template":"","format":"standard","meta":{"_lmt_disableupdate":"","_lmt_disable":"","_jetpack_memberships_contains_paid_content":false,"footnotes":""},"categories":[109,51],"tags":[337],"class_list":["post-17292","post","type-post","status-publish","format-standard","has-post-thumbnail","hentry","category-minuto-a-minuto","category-zona-roja","tag-santa-lucia-del-camino"],"jetpack_featured_media_url":"https:\/\/zonaroja.com.mx\/wp-content\/uploads\/2020\/09\/Asesinado-Santa-Lucia-del-Camino.jpg","jetpack_sharing_enabled":true,"_links":{"self":[{"href":"https:\/\/zonaroja.com.mx\/index.php?rest_route=\/wp\/v2\/posts\/17292","targetHints":{"allow":["GET"]}}],"collection":[{"href":"https:\/\/zonaroja.com.mx\/index.php?rest_route=\/wp\/v2\/posts"}],"about":[{"href":"https:\/\/zonaroja.com.mx\/index.php?rest_route=\/wp\/v2\/types\/post"}],"author":[{"embeddable":true,"href":"https:\/\/zonaroja.com.mx\/index.php?rest_route=\/wp\/v2\/users\/2"}],"replies":[{"embeddable":true,"href":"https:\/\/zonaroja.com.mx\/index.php?rest_route=%2Fwp%2Fv2%2Fcomments&post=17292"}],"version-history":[{"count":1,"href":"https:\/\/zonaroja.com.mx\/index.php?rest_route=\/wp\/v2\/posts\/17292\/revisions"}],"predecessor-version":[{"id":17294,"href":"https:\/\/zonaroja.com.mx\/index.php?rest_route=\/wp\/v2\/posts\/17292\/revisions\/17294"}],"wp:featuredmedia":[{"embeddable":true,"href":"https:\/\/zonaroja.com.mx\/index.php?rest_route=\/wp\/v2\/media\/17293"}],"wp:attachment":[{"href":"https:\/\/zonaroja.com.mx\/index.php?rest_route=%2Fwp%2Fv2%2Fmedia&parent=17292"}],"wp:term":[{"taxonomy":"category","embeddable":true,"href":"https:\/\/zonaroja.com.mx\/index.php?rest_route=%2Fwp%2Fv2%2Fcategories&post=17292"},{"taxonomy":"post_tag","embeddable":true,"href":"https:\/\/zonaroja.com.mx\/index.php?rest_route=%2Fwp%2Fv2%2Ftags&post=17292"}],"curies":[{"name":"wp","href":"https:\/\/api.w.org\/{rel}","templated":true}]}}