{"id":17295,"date":"2020-09-06T21:48:20","date_gmt":"2020-09-07T02:48:20","guid":{"rendered":"http:\/\/www.zonaroja.com.mx\/?p=17295"},"modified":"2020-09-06T21:48:24","modified_gmt":"2020-09-07T02:48:24","slug":"cierra-primera-semana-en-semaforo-amarillo-con-50-decesos-y-590-positivos","status":"publish","type":"post","link":"https:\/\/zonaroja.com.mx\/?p=17295","title":{"rendered":"Cierra primera semana en sem\u00e1foro amarillo con 50 decesos y 590 positivos"},"content":{"rendered":"\n<p>Ismael Garc\u00eda M.\/Redacci\u00f3n\/Zona Roja.<\/p>\n\n\n\n<p>Oaxaca de Ju\u00e1rez, Oax., 6 de septiembre de 2020.- La primera semana epidemiol\u00f3gica en sem\u00e1foro amarillo, del 31 de agosto al 6 de septiembre, dej\u00f3 en Oaxaca como saldo 50 fallecimientos y 590 casos positivos a Covid-19.<\/p>\n\n\n\n<p>Es decir, un promedio de 7.1 fallecimientos diarios y 84.2 casos positivos cada d\u00eda; el viernes fue el d\u00eda en que se registr\u00f3 el mayor n\u00famero de positivos, con 120, y 13 fallecimientos.<\/p>\n\n\n\n<p>Ayer s\u00e1bado, seg\u00fan las im\u00e1genes con datos t\u00e9cnicos, se registraron ocho decesos; sin embargo, seg\u00fan el bolet\u00edn de los Servicios de Salud de Oaxaca (SSO), ese d\u00eda fueron 21 fallecimientos, lo que elevar\u00eda el n\u00famero de personas que perdieron la vida, lo cual no fue aclarado por la instituci\u00f3n.<\/p>\n\n\n\n<p>En un comunicado de la dependencia SSO, inform\u00f3 que este domingo se agregan 112 casos nuevos por Covid-19 a la estad\u00edstica estatal, as\u00ed como cinco decesos.<\/p>\n\n\n\n<p>Con ello, el n\u00famero de contagios pas\u00f3 de 14 mil 128 a 14 mil 240 casos en las \u00faltimas 24 horas; es decir, se sumaron 112 pacientes de 33 municipios a la estad\u00edstica estatal.<\/p>\n\n\n\n<figure class=\"wp-block-embed-twitter wp-block-embed is-type-rich is-provider-twitter\"><div class=\"wp-block-embed__wrapper\">\n<div class=\"twitter-tweet\"><blockquote class=\"twitter-tweet\" data-lang=\"es\"><p lang=\"es\" dir=\"ltr\">Este domingo 06 de septiembre, 33 municipios de <a href=\"https:\/\/twitter.com\/hashtag\/Oaxaca?src=hash&amp;ref_src=twsrc%5Etfw\">#Oaxaca<\/a> registraron casos positivos nuevos de <a href=\"https:\/\/twitter.com\/hashtag\/COVID19?src=hash&amp;ref_src=twsrc%5Etfw\">#COVID19<\/a>.<br>Con la responsabilidad de todas y todos en la aplicaci\u00f3n de las medidas preventivas, podremos mitigar los contagios de esta nueva enfermedad.<a href=\"https:\/\/twitter.com\/hashtag\/Reto40xOax?src=hash&amp;ref_src=twsrc%5Etfw\">#Reto40xOax<\/a> <a href=\"https:\/\/t.co\/xqq4NFr7AR\">pic.twitter.com\/xqq4NFr7AR<\/a><\/p>&mdash; Servicios de Salud (@SSO_GobOax) <a href=\"https:\/\/twitter.com\/SSO_GobOax\/status\/1302774502670073857?ref_src=twsrc%5Etfw\">7 de septiembre de 2020<\/a><\/blockquote><\/div>\n<\/div><\/figure>\n\n\n\n<p>El secretario de Salud, Donato Casas Escamilla, indic\u00f3 que este 6 de septiembre, a pesar de los esfuerzos del personal m\u00e9dico, se notificaron cinco defunciones m\u00e1s a causa de esta patolog\u00eda v\u00edrica, por lo que a la fecha se contabilizan mil 320 muertes acumuladas.<\/p>\n\n\n\n<p>El titular de la instituci\u00f3n se\u00f1al\u00f3 que a la fecha se han aplicado 21 mil 199 pruebas para el diagn\u00f3stico del virus, se tienen un total de seis mil 259 negativas, 700 est\u00e1n en espera de resultados por laboratorio, 12 mil 455 personas se han recuperado de la enfermedad y 465 son pacientes activos, pues se trata de las personas que enfermaron en los \u00faltimos 14 d\u00edas.<\/p>\n\n\n\n<p>Precis\u00f3 que del total de personas contagiadas, se tiene documentado que 11 mil 161 pacientes han cursado los s\u00edntomas en aislamiento domiciliario y tres mil 079 han requerido hospitalizaci\u00f3n. El 45% son mujeres y el 55% hombres.<\/p>\n\n\n\n<p>Especific\u00f3 que la Jurisdicci\u00f3n Sanitaria de Valles Centrales persiste como la zona m\u00e1s afectada con un global de nueve mil 430 acumulados; seguido por Tuxtepec con mil 625, Istmo con mil 450, Mixteca con 884, Costa con 611, y Sierra con 240.<\/p>\n\n\n\n<p>Dijo que del personal del sector salud que ha dado positivo, 934 son de enfermer\u00eda, 705 m\u00e9dicos y 662 trabajadores de otras \u00e1reas; asimismo la red hospitalaria este domingo se encuentra al 32.9%, de este global el 34.8% son camas de observaci\u00f3n y 28.9% con ventilador.<\/p>\n\n\n\n<p>En este sentido, Casas Escamilla invit\u00f3 a las y los oaxaque\u00f1os a reforzar los cuidados en los pacientes con enfermedades cr\u00f3nicas, a mantener el apego a sus tratamientos, realizar actividad f\u00edsica en casa y llevar una dieta equilibrada.<\/p>\n","protected":false},"excerpt":{"rendered":"<p>Ismael Garc\u00eda M.\/Redacci\u00f3n\/Zona Roja. Oaxaca de Ju\u00e1rez, Oax., 6 de septiembre de 2020.- La primera&hellip;<\/p>\n","protected":false},"author":2,"featured_media":17296,"comment_status":"closed","ping_status":"open","sticky":false,"template":"","format":"standard","meta":{"_lmt_disableupdate":"","_lmt_disable":"","_jetpack_memberships_contains_paid_content":false,"footnotes":""},"categories":[109,47],"tags":[1512],"class_list":["post-17295","post","type-post","status-publish","format-standard","has-post-thumbnail","hentry","category-minuto-a-minuto","category-zona-gris","tag-coronavirus-oaxaca"],"jetpack_featured_media_url":"https:\/\/zonaroja.com.mx\/wp-content\/uploads\/2020\/09\/SSO-1-5.jpeg","jetpack_sharing_enabled":true,"_links":{"self":[{"href":"https:\/\/zonaroja.com.mx\/index.php?rest_route=\/wp\/v2\/posts\/17295","targetHints":{"allow":["GET"]}}],"collection":[{"href":"https:\/\/zonaroja.com.mx\/index.php?rest_route=\/wp\/v2\/posts"}],"about":[{"href":"https:\/\/zonaroja.com.mx\/index.php?rest_route=\/wp\/v2\/types\/post"}],"author":[{"embeddable":true,"href":"https:\/\/zonaroja.com.mx\/index.php?rest_route=\/wp\/v2\/users\/2"}],"replies":[{"embeddable":true,"href":"https:\/\/zonaroja.com.mx\/index.php?rest_route=%2Fwp%2Fv2%2Fcomments&post=17295"}],"version-history":[{"count":1,"href":"https:\/\/zonaroja.com.mx\/index.php?rest_route=\/wp\/v2\/posts\/17295\/revisions"}],"predecessor-version":[{"id":17297,"href":"https:\/\/zonaroja.com.mx\/index.php?rest_route=\/wp\/v2\/posts\/17295\/revisions\/17297"}],"wp:featuredmedia":[{"embeddable":true,"href":"https:\/\/zonaroja.com.mx\/index.php?rest_route=\/wp\/v2\/media\/17296"}],"wp:attachment":[{"href":"https:\/\/zonaroja.com.mx\/index.php?rest_route=%2Fwp%2Fv2%2Fmedia&parent=17295"}],"wp:term":[{"taxonomy":"category","embeddable":true,"href":"https:\/\/zonaroja.com.mx\/index.php?rest_route=%2Fwp%2Fv2%2Fcategories&post=17295"},{"taxonomy":"post_tag","embeddable":true,"href":"https:\/\/zonaroja.com.mx\/index.php?rest_route=%2Fwp%2Fv2%2Ftags&post=17295"}],"curies":[{"name":"wp","href":"https:\/\/api.w.org\/{rel}","templated":true}]}}