{"id":17302,"date":"2020-09-07T08:18:42","date_gmt":"2020-09-07T13:18:42","guid":{"rendered":"http:\/\/www.zonaroja.com.mx\/?p=17302"},"modified":"2020-09-07T08:18:46","modified_gmt":"2020-09-07T13:18:46","slug":"a-tres-anos-de-terremoto-inconclusa-reconstruccion-y-ahora-pandemia","status":"publish","type":"post","link":"https:\/\/zonaroja.com.mx\/?p=17302","title":{"rendered":"A tres a\u00f1os de terremoto, inconclusa reconstrucci\u00f3n&#8230; y ahora pandemia"},"content":{"rendered":"\n<p>Ismael Garc\u00eda M.\/Zona Roja.<\/p>\n\n\n\n<p>Oaxaca de Ju\u00e1rez, Oax., 7 de septiembre de 2020.- A tres a\u00f1os del terremoto de magnitud 8.2, en Oaxaca a\u00fan no concluye la reconstrucci\u00f3n de viviendas da\u00f1adas, principalmente en la regi\u00f3n del Istmo.<\/p>\n\n\n\n<p>Y ahora el rezago se acent\u00faa, por la pandemia del Covid-19, que en la entidad inici\u00f3 en la segunda quincena de marzo, lo cual a medio a\u00f1o, mantiene la par\u00e1lisis en los trabajos y en la asignaci\u00f3n de los recursos presupuestales.<\/p>\n\n\n\n<p>La v\u00edspera del tercer aniversario, la Red Regional de Vecinos Afectados por los Sismos, enviaron una carta al Presidente de M\u00e9xico, Andr\u00e9s Manuel L\u00f3pez Obrador, para pedir ayuda.<\/p>\n\n\n\n<p>\u201cReconocemos que su gobierno ha venido atendiendo en forma ardua y sistem\u00e1tica a los afectados, aunque ello no haya sido suficiente. Valoramos la creaci\u00f3n del Programa Nacional de Reconstrucci\u00f3n, la asignaci\u00f3n de una partida presupuestal para el a\u00f1o en curso y la ejecuci\u00f3n de programas de vivienda complementarios, como el Programa Emergente de Vivienda, junto con los Programas Bienestar; significan un esfuerzo de gobierno extraordinario, pero, debe reconocerse, no han logrado superar la crisis multifactorial que vivimos\u201d, expuso en un documento.<\/p>\n\n\n\n<p>\u201cNo habi\u00e9ndonos recuperado a\u00fan, se nos presenta la tragedia de la pandemia por Covid-19, causando muertes, deterioro en nuestra salud y agravamiento de la pobreza ancestral, as\u00ed como el empobrecimiento de la clase media. Los muy ricos, due\u00f1os de cadenas, monopolios y de farmacias, han sido los beneficiarios de la tragedia. Casi todos los pa\u00edses del mundo, incluido M\u00e9xico, han sido rebasados por la profundizaci\u00f3n de la recesi\u00f3n econ\u00f3mica\u201d, expone.<\/p>\n\n\n\n<p>Por ello, plante\u00f3 en el documento diversas medidas, entre ellas decidir la moratoria en los pagos de los servicios de la deuda p\u00fablica interna y externa; auditor\u00eda a la deuda y renegociaci\u00f3n, lo que generar\u00eda m\u00e1s de 700 millones de pesos.<\/p>\n\n\n\n<p>Asimismo, racionalizaci\u00f3n de la industria energ\u00e9tica, as\u00ed como tarifa social justa para todo el pa\u00eds y una mesa de trabajo con dependencias del sector y el Poder Legislativo.<\/p>\n\n\n\n<p>Tambi\u00e9n, incluir en el proyecto de Presupuesto de Egresos de la Federaci\u00f3n, partida presupuestal para reconstrucci\u00f3n en el a\u00f1o fiscal 2021. Ello permitir\u00e1 que se realicen reconstrucciones y mejoras de viviendas afectadas por sismo que no se desplomaron ni fueron demolidas, pero que tienen da\u00f1os que representan riesgos y no garantizan una vivienda digna. En el 2020 solo fueron consideradas casas con da\u00f1o total.<\/p>\n\n\n\n<p>\u201cAs\u00ed mismo creemos importante que se asigne una partida presupuestal al Programa Emergente de Vivienda, para atender numerosos casos de viviendas precarias de familias pobres que requieren remodelaci\u00f3n y ampliaci\u00f3n\u201d.<\/p>\n\n\n\n<p>Tambi\u00e9n, acusaron que altos funcionarios de Secretar\u00eda de Desarrollo Agrario, Territorial y Urbano a nivel \u201ccentral, mantienen una actitud prejuiciada hacia los damnificados organizados. Con nosotros ha habido di\u00e1logo forzado, pero despu\u00e9s la coordinaci\u00f3n es nula y se nos niega el di\u00e1logo e informaci\u00f3n que permitiera transmitir a las familias de damnificados que acuden a nosotros solicitando nuestro apoyo para ser informados\u201d.<\/p>\n\n\n\n<p>El documento lo firman Clara Estela Fuentes L\u00f3pez, Maricela Barriga Rodr\u00edguez, Magali S\u00e1nchez Santiago, Luis Alberto Mart\u00ednez, Armando Toledo Jim\u00e9nez y Jos\u00e9 Luis Blas.<\/p>\n\n\n\n<p>Fue cerca de la media noche del 7 de septiembre de 2017 en que se registr\u00f3 el movimiento tel\u00farico de magnitud 8.2, que da\u00f1\u00f3 alrededor de 60 mil viviendas, as\u00ed como unas dos mil escuelas, adem\u00e1s de 76 p\u00e9rdidas de vidas humanas<\/p>\n\n\n\n<p>En tanto, el gobierno de Oaxaca no ha dado ninguna informaci\u00f3n respecto de los avances en la reconstrucci\u00f3n de viviendas y espacios p\u00fablicos,.<\/p>\n","protected":false},"excerpt":{"rendered":"<p>Ismael Garc\u00eda M.\/Zona Roja. Oaxaca de Ju\u00e1rez, Oax., 7 de septiembre de 2020.- A tres&hellip;<\/p>\n","protected":false},"author":2,"featured_media":17303,"comment_status":"closed","ping_status":"open","sticky":false,"template":"","format":"standard","meta":{"_lmt_disableupdate":"","_lmt_disable":"","_jetpack_memberships_contains_paid_content":false,"footnotes":""},"categories":[109,47],"tags":[1782],"class_list":["post-17302","post","type-post","status-publish","format-standard","has-post-thumbnail","hentry","category-minuto-a-minuto","category-zona-gris","tag-sismo-oaxaca"],"jetpack_featured_media_url":"https:\/\/zonaroja.com.mx\/wp-content\/uploads\/2020\/09\/Sismo-Oaxaca-2017.jpg","jetpack_sharing_enabled":true,"_links":{"self":[{"href":"https:\/\/zonaroja.com.mx\/index.php?rest_route=\/wp\/v2\/posts\/17302","targetHints":{"allow":["GET"]}}],"collection":[{"href":"https:\/\/zonaroja.com.mx\/index.php?rest_route=\/wp\/v2\/posts"}],"about":[{"href":"https:\/\/zonaroja.com.mx\/index.php?rest_route=\/wp\/v2\/types\/post"}],"author":[{"embeddable":true,"href":"https:\/\/zonaroja.com.mx\/index.php?rest_route=\/wp\/v2\/users\/2"}],"replies":[{"embeddable":true,"href":"https:\/\/zonaroja.com.mx\/index.php?rest_route=%2Fwp%2Fv2%2Fcomments&post=17302"}],"version-history":[{"count":1,"href":"https:\/\/zonaroja.com.mx\/index.php?rest_route=\/wp\/v2\/posts\/17302\/revisions"}],"predecessor-version":[{"id":17304,"href":"https:\/\/zonaroja.com.mx\/index.php?rest_route=\/wp\/v2\/posts\/17302\/revisions\/17304"}],"wp:featuredmedia":[{"embeddable":true,"href":"https:\/\/zonaroja.com.mx\/index.php?rest_route=\/wp\/v2\/media\/17303"}],"wp:attachment":[{"href":"https:\/\/zonaroja.com.mx\/index.php?rest_route=%2Fwp%2Fv2%2Fmedia&parent=17302"}],"wp:term":[{"taxonomy":"category","embeddable":true,"href":"https:\/\/zonaroja.com.mx\/index.php?rest_route=%2Fwp%2Fv2%2Fcategories&post=17302"},{"taxonomy":"post_tag","embeddable":true,"href":"https:\/\/zonaroja.com.mx\/index.php?rest_route=%2Fwp%2Fv2%2Ftags&post=17302"}],"curies":[{"name":"wp","href":"https:\/\/api.w.org\/{rel}","templated":true}]}}