{"id":17305,"date":"2020-09-07T08:26:55","date_gmt":"2020-09-07T13:26:55","guid":{"rendered":"http:\/\/www.zonaroja.com.mx\/?p=17305"},"modified":"2020-09-07T08:27:00","modified_gmt":"2020-09-07T13:27:00","slug":"se-disparan-en-oaxaca-casos-de-robos-en-el-transporte-publico-individual","status":"publish","type":"post","link":"https:\/\/zonaroja.com.mx\/?p=17305","title":{"rendered":"Se disparan en Oaxaca casos de robos en el transporte p\u00fablico individual"},"content":{"rendered":"\n<p>Redacci\u00f3n\/Estado 20.<\/p>\n\n\n\n<p>Oaxaca de Ju\u00e1rez, Oax., 7 de septiembre de 2020.- Durante el mes de julio, los casos denunciados de robos en el transporte p\u00fablico individual se dispararon pr\u00e1cticamente 800 por ciento, al pasar de tres, documentados en junio, a un total de 25 durante el periodo pasado, report\u00f3 el Secretariado Ejecutivo del Sistema Nacional de Seguridad P\u00fablica.<\/p>\n\n\n\n<p>El organismo federal indic\u00f3 que de los 25 hurtos contabilizados el mes pasado a bordo de taxis o incluso en mototaxis, 13 fueron cometidos con violencia y 12 sin el uso de \u00e9sta.<\/p>\n\n\n\n<p>El dato m\u00e1s alarmante arrojado por este reporte publicado el pasado 20 de agosto, es que el n\u00famero de asaltos en ese tipo de veh\u00edculos se increment\u00f3 en m\u00e1s de 800 por ciento entre junio y julio y en m\u00e1s de mil 200 por ciento, si se comparan las cifras de febrero y julio.<\/p>\n\n\n\n<p>El Secretariado Ejecutivo de Seguridad se\u00f1al\u00f3 que indic\u00f3 que durante enero, en Oaxaca fueron denunciados cuatro robos en transporte p\u00fablico individual; en febrero, la cifra se redujo a dos casos; en marzo, subi\u00f3 a tres; en abril, lleg\u00f3 a cuatro de nueva cuenta; en mayor volvi\u00f3 a descender a uno y en junio, regres\u00f3 a tres casos.<\/p>\n\n\n\n<p>Sobres los casos de robos en el transporte p\u00fablico colectivo, se inform\u00f3 que a lo largo del a\u00f1o han sido documentado un total de 117 casos.<\/p>\n","protected":false},"excerpt":{"rendered":"<p>Redacci\u00f3n\/Estado 20. Oaxaca de Ju\u00e1rez, Oax., 7 de septiembre de 2020.- Durante el mes de&hellip;<\/p>\n","protected":false},"author":2,"featured_media":9533,"comment_status":"closed","ping_status":"open","sticky":false,"template":"","format":"standard","meta":{"_lmt_disableupdate":"","_lmt_disable":"","_jetpack_memberships_contains_paid_content":false,"footnotes":""},"categories":[109,47],"tags":[1995],"class_list":["post-17305","post","type-post","status-publish","format-standard","has-post-thumbnail","hentry","category-minuto-a-minuto","category-zona-gris","tag-asaltos-transporte-publico-oaxaca"],"jetpack_featured_media_url":"https:\/\/zonaroja.com.mx\/wp-content\/uploads\/2020\/03\/Transporte-Oaxaca.jpeg","jetpack_sharing_enabled":true,"_links":{"self":[{"href":"https:\/\/zonaroja.com.mx\/index.php?rest_route=\/wp\/v2\/posts\/17305","targetHints":{"allow":["GET"]}}],"collection":[{"href":"https:\/\/zonaroja.com.mx\/index.php?rest_route=\/wp\/v2\/posts"}],"about":[{"href":"https:\/\/zonaroja.com.mx\/index.php?rest_route=\/wp\/v2\/types\/post"}],"author":[{"embeddable":true,"href":"https:\/\/zonaroja.com.mx\/index.php?rest_route=\/wp\/v2\/users\/2"}],"replies":[{"embeddable":true,"href":"https:\/\/zonaroja.com.mx\/index.php?rest_route=%2Fwp%2Fv2%2Fcomments&post=17305"}],"version-history":[{"count":1,"href":"https:\/\/zonaroja.com.mx\/index.php?rest_route=\/wp\/v2\/posts\/17305\/revisions"}],"predecessor-version":[{"id":17306,"href":"https:\/\/zonaroja.com.mx\/index.php?rest_route=\/wp\/v2\/posts\/17305\/revisions\/17306"}],"wp:featuredmedia":[{"embeddable":true,"href":"https:\/\/zonaroja.com.mx\/index.php?rest_route=\/wp\/v2\/media\/9533"}],"wp:attachment":[{"href":"https:\/\/zonaroja.com.mx\/index.php?rest_route=%2Fwp%2Fv2%2Fmedia&parent=17305"}],"wp:term":[{"taxonomy":"category","embeddable":true,"href":"https:\/\/zonaroja.com.mx\/index.php?rest_route=%2Fwp%2Fv2%2Fcategories&post=17305"},{"taxonomy":"post_tag","embeddable":true,"href":"https:\/\/zonaroja.com.mx\/index.php?rest_route=%2Fwp%2Fv2%2Ftags&post=17305"}],"curies":[{"name":"wp","href":"https:\/\/api.w.org\/{rel}","templated":true}]}}