{"id":17307,"date":"2020-09-07T08:30:36","date_gmt":"2020-09-07T13:30:36","guid":{"rendered":"http:\/\/www.zonaroja.com.mx\/?p=17307"},"modified":"2020-09-07T16:14:25","modified_gmt":"2020-09-07T21:14:25","slug":"gobierno-de-murat-pretende-otorgar-contrato-de-17-mdp-a-chofer-de-secretaria-de-economia","status":"publish","type":"post","link":"https:\/\/zonaroja.com.mx\/?p=17307","title":{"rendered":"Gobierno de Murat pretende otorgar contrato de 17 mdp a chofer de Secretar\u00eda de Econom\u00eda"},"content":{"rendered":"\n<p>Redacci\u00f3n\/Estado 20.<\/p>\n\n\n\n<p>Oaxaca de Ju\u00e1rez, Oax., 7 de septiembre de 2020.- El gobernador de Oaxaca, Alejandro Murat Hinojosa, pretende asignar un contrato por m\u00e1s de 16 millones de pesos a una empresa cuyo representante legal es chofer de la Secretar\u00eda de Econom\u00eda, dependencia a cargo de Juan Pablo Guzm\u00e1n Cobi\u00e1n.<\/p>\n\n\n\n<p>De acuerdo con la asociaci\u00f3n Oaxaque\u00f1os contra la Corrupci\u00f3n, la contrataci\u00f3n de lo que asegura se trata de una empresa \u201cfantasma\u201d fue a trav\u00e9s de la Secretar\u00eda de Administraci\u00f3n del Gobierno del Estado, la cual es presidida por Germ\u00e1n Espinoza Santib\u00e1\u00f1ez.<\/p>\n\n\n\n<p>La adjudicaci\u00f3n del contrato se busca realizar bajo el procedimiento de licitaci\u00f3n LPE-SA-SA-0011-08\/2020 para la Sanitizaci\u00f3n y desinfecci\u00f3n de Ciudad Administrativa \u201cBenem\u00e9rito de las Am\u00e9ricas\u201d y del Centro Administrativo del Poder Ejecutivo y Judicial General \u201cPorfirio D\u00edaz, Soldado de la Patria\u201d.<\/p>\n\n\n\n<p>Seg\u00fan la informaci\u00f3n p\u00fablica, la empresa ASVEYCO SERVICIOS S. A. de C. V. obtuvo el contrato por 16 millones 949 mil 920 pesos por \u201csanitizar y desinfectar\u201d Ciudad Administrativa y Ciudad Judicial.<\/p>\n\n\n\n<p>Son embargo, esta empresa no tiene registro en el Padr\u00f3n de Proveedores de Oaxaca en los a\u00f1os 2018, 2019 y 2020; pero, adem\u00e1s, dentro del acta de apertura t\u00e9cnica y econ\u00f3mica, ASVEYCO SERVICIOS S. A. de C. V. es representada por David Uziel L\u00f3pez Hern\u00e1ndez, quien es \u201cChofer 3\u201d de la Secretar\u00eda de Econom\u00eda del Gobierno de Oaxaca.<\/p>\n\n\n\n<p>Oaxaque\u00f1os contra la Corrupci\u00f3n interpuso una denuncia ante la Secretar\u00eda de la Contralor\u00eda y Transparencia Gubernamental, para que verifique las irregularidades vertidas dentro del proceso de licitaci\u00f3n.<\/p>\n\n\n\n<p>La denuncia qued\u00f3 con el n\u00famero de folio S\/000219 con fecha 30 de agosto de 2020.<\/p>\n","protected":false},"excerpt":{"rendered":"<p>Redacci\u00f3n\/Estado 20. Oaxaca de Ju\u00e1rez, Oax., 7 de septiembre de 2020.- El gobernador de Oaxaca,&hellip;<\/p>\n","protected":false},"author":2,"featured_media":17320,"comment_status":"closed","ping_status":"open","sticky":false,"template":"","format":"standard","meta":{"_lmt_disableupdate":"","_lmt_disable":"","_jetpack_memberships_contains_paid_content":false,"footnotes":""},"categories":[109,47],"tags":[1989],"class_list":["post-17307","post","type-post","status-publish","format-standard","has-post-thumbnail","hentry","category-minuto-a-minuto","category-zona-gris","tag-secretaria-de-administracion"],"jetpack_featured_media_url":"https:\/\/zonaroja.com.mx\/wp-content\/uploads\/2020\/09\/Ciudad-Administrativa-Oaxaca.png","jetpack_sharing_enabled":true,"_links":{"self":[{"href":"https:\/\/zonaroja.com.mx\/index.php?rest_route=\/wp\/v2\/posts\/17307","targetHints":{"allow":["GET"]}}],"collection":[{"href":"https:\/\/zonaroja.com.mx\/index.php?rest_route=\/wp\/v2\/posts"}],"about":[{"href":"https:\/\/zonaroja.com.mx\/index.php?rest_route=\/wp\/v2\/types\/post"}],"author":[{"embeddable":true,"href":"https:\/\/zonaroja.com.mx\/index.php?rest_route=\/wp\/v2\/users\/2"}],"replies":[{"embeddable":true,"href":"https:\/\/zonaroja.com.mx\/index.php?rest_route=%2Fwp%2Fv2%2Fcomments&post=17307"}],"version-history":[{"count":1,"href":"https:\/\/zonaroja.com.mx\/index.php?rest_route=\/wp\/v2\/posts\/17307\/revisions"}],"predecessor-version":[{"id":17308,"href":"https:\/\/zonaroja.com.mx\/index.php?rest_route=\/wp\/v2\/posts\/17307\/revisions\/17308"}],"wp:featuredmedia":[{"embeddable":true,"href":"https:\/\/zonaroja.com.mx\/index.php?rest_route=\/wp\/v2\/media\/17320"}],"wp:attachment":[{"href":"https:\/\/zonaroja.com.mx\/index.php?rest_route=%2Fwp%2Fv2%2Fmedia&parent=17307"}],"wp:term":[{"taxonomy":"category","embeddable":true,"href":"https:\/\/zonaroja.com.mx\/index.php?rest_route=%2Fwp%2Fv2%2Fcategories&post=17307"},{"taxonomy":"post_tag","embeddable":true,"href":"https:\/\/zonaroja.com.mx\/index.php?rest_route=%2Fwp%2Fv2%2Ftags&post=17307"}],"curies":[{"name":"wp","href":"https:\/\/api.w.org\/{rel}","templated":true}]}}