{"id":17316,"date":"2020-09-07T16:13:13","date_gmt":"2020-09-07T21:13:13","guid":{"rendered":"http:\/\/www.zonaroja.com.mx\/?p=17316"},"modified":"2020-09-07T16:13:18","modified_gmt":"2020-09-07T21:13:18","slug":"caotico-inicio-de-semana-en-oaxaca-ante-desidia-gubernamental","status":"publish","type":"post","link":"https:\/\/zonaroja.com.mx\/?p=17316","title":{"rendered":"Ca\u00f3tico inicio de semana en Oaxaca, ante desidia gubernamental"},"content":{"rendered":"\n<p>Evlin Arag\u00f3n\/Zona Roja.<\/p>\n\n\n\n<p>Oaxaca de Ju\u00e1rez, Oax., 7 de septiembre de 2020.- Lejos de reducir las movilizaciones por la pandemia por Covid-19, la crisis econ\u00f3mica que se ha derivado de \u00e9sta y la falta de atenci\u00f3n por parte de las autoridades estatales a las diferentes demandas sociales, ocasion\u00f3 que este lunes diferentes sectores tomaran las calles de la ciudad y protestaran de forma simult\u00e1nea.&nbsp;<\/p>\n\n\n\n<p>Desde temprana hora, integrantes del Consejo Ind\u00edgena Popular de Oaxaca \u201cRicardo Flores Mag\u00f3n\u201d (CIPO-RFM) bloquearon los accesos de Casa Oficial, por la calle de Pino Su\u00e1rez de la capital, para exigir la entrega de recursos y apoyos econ\u00f3micos, argumentando que la crisis econ\u00f3mica ya existente en la entidad se ha agravado con la contingencia sanitaria.\u00a0<\/p>\n\n\n\n<figure class=\"wp-block-embed-twitter wp-block-embed is-type-rich is-provider-twitter\"><div class=\"wp-block-embed__wrapper\">\n<div class=\"twitter-tweet\"><blockquote class=\"twitter-tweet\" data-lang=\"es\"><p lang=\"es\" dir=\"ltr\"><a href=\"https:\/\/twitter.com\/hashtag\/OaxacaGris?src=hash&amp;ref_src=twsrc%5Etfw\">#OaxacaGris<\/a><br>Otra de las m\u00faltiples manifestaciones de hoy fue la del Consejo Ind\u00edgena Popular de Oaxaca (CIPO), que exige apoyos en materia educativa y de salud; bloquearon por unas horas la calle Pino Su\u00e1rez del Centro Hist\u00f3rico de la capital. <a href=\"https:\/\/t.co\/7djyKauDTJ\">pic.twitter.com\/7djyKauDTJ<\/a><\/p>&mdash; Zona Roja Oaxaca (@MexRoja) <a href=\"https:\/\/twitter.com\/MexRoja\/status\/1303078405974368257?ref_src=twsrc%5Etfw\">7 de septiembre de 2020<\/a><\/blockquote><\/div>\n<\/div><\/figure>\n\n\n\n<p>Pese a la existencia de un plan de rescate econ\u00f3mico anunciado por el gobernador de Oaxaca, Alejandro Murat Hinojosa, habitantes de comunidades pertenecientes a las regiones de la Cuenca, Costa y Mixteca argumentaron no contar con servicios m\u00e9dicos para hacer frente a la pandemia y mucho menos recursos p\u00fablicos que les permitan resarcir dicha carencia.&nbsp;<\/p>\n\n\n\n<p>Por lo anterior, solicitaron una audiencia con el mandatario estatal, a quien le solicitaron establecer una mesa de dialogo que les permita hacer de su conocimiento la situaci\u00f3n por la que atraviesan, a la par que anunciaron el inicio de su jornada de lucha para conseguir tal objetivo.&nbsp;<\/p>\n\n\n\n<p>TAMBI\u00c9N SALUD<\/p>\n\n\n\n<figure class=\"wp-block-embed-twitter wp-block-embed is-type-rich is-provider-twitter\"><div class=\"wp-block-embed__wrapper\">\n<div class=\"twitter-tweet\"><blockquote class=\"twitter-tweet\" data-lang=\"es\"><p lang=\"es\" dir=\"ltr\"><a href=\"https:\/\/twitter.com\/hashtag\/%C3%9AltimoMinuto?src=hash&amp;ref_src=twsrc%5Etfw\">#\u00daltimoMinuto<\/a> <br>Inicia la semana con m\u00faltiples protestas en <a href=\"https:\/\/twitter.com\/hashtag\/Oaxaca?src=hash&amp;ref_src=twsrc%5Etfw\">#Oaxaca<\/a>; en este primer caso, trabajadores de los <a href=\"https:\/\/twitter.com\/SSO_GobOax?ref_src=twsrc%5Etfw\">@SSO_GobOax<\/a> en la capital, que se queja de insuficiente apoyo ante la pandemia por Covid-19; cierran oficinas de la instituci\u00f3n en la colonia Reforma. <a href=\"https:\/\/t.co\/cSNphmIo06\">pic.twitter.com\/cSNphmIo06<\/a><\/p>&mdash; Zona Roja Oaxaca (@MexRoja) <a href=\"https:\/\/twitter.com\/MexRoja\/status\/1302976938630213633?ref_src=twsrc%5Etfw\">7 de septiembre de 2020<\/a><\/blockquote><\/div>\n<\/div><\/figure>\n\n\n\n<p>El sector salud volvi\u00f3 a salir a las calles, en pleno sem\u00e1foro epidemiol\u00f3gico color amarillo y aun con riesgo moderado de contagio por Covid-19, personal de la Jurisdicci\u00f3n 06 de la Sierra, adscrita a los Servicios de Salud de Oaxaca se apoder\u00f3 de las instalaciones de la dependencia ubicadas en la colonia Reforma para exigir sus pagos pendientes, incluidos los bonos ante la contingencia.&nbsp;&nbsp;<\/p>\n\n\n\n<p>Se trata de un aproximado de 300 integrantes del personal m\u00e9dico y de enfermer\u00eda del Programa U013 destinado a dar atenci\u00f3n a poblaci\u00f3n de alta marginaci\u00f3n, quienes no han recibido su pago de las \u00faltimas cuatro quincenas, por lo cual incluso solicitaron la salida de David Concha, a quien responsabilizan de la deficiencia administrativa, as\u00ed como de las supervisoras m\u00e9dicas de zona que les exigen cumplir meta de atenci\u00f3n en plena contingencia.&nbsp;<\/p>\n\n\n\n<p>Finalmente, denunciaron que a pesar de dar atenci\u00f3n m\u00e9dica no recibieron en ning\u00fan momento insumos para evitar el contagio de Covid-19, lo que ocasion\u00f3 que varios de hubiera casos al interior del personal de salud que se supone esta para atender la demanda de las y los usuarios.&nbsp;<\/p>\n\n\n\n<p>No fueron los \u00fanicos, ya que personal del Sindicato Independiente de Trabajadores y Profesionales en Salud, realiz\u00f3 una marcha hacia la Defensor\u00eda de los Derechos Humanos del Pueblo de Oaxaca (DDHPO), donde denunciaron ser v\u00edctimas de acoso por parte de trabajadores de la Secci\u00f3n 35 del SNTSS.<\/p>\n\n\n\n<p>\u201cSon ocho trabajadores que se desempe\u00f1an como supervisores m\u00e9dicos, de ah\u00ed viene, a los flojos les choca, les moleta que les pongan el dedo porque son flojos y nuestros compa\u00f1eros son supervisores y tienen que marcar los errores\u201d refiri\u00f3 el representante de los quejosos mientras esperaban atenci\u00f3n por parte del \u00f3rgano aut\u00f3nomo.&nbsp;<\/p>\n\n\n\n<p>CONTRA EDIL<\/p>\n\n\n\n<figure class=\"wp-block-embed-twitter wp-block-embed is-type-rich is-provider-twitter\"><div class=\"wp-block-embed__wrapper\">\n<div class=\"twitter-tweet\"><blockquote class=\"twitter-tweet\" data-lang=\"es\"><p lang=\"es\" dir=\"ltr\"><a href=\"https:\/\/twitter.com\/hashtag\/ENVIVO?src=hash&amp;ref_src=twsrc%5Etfw\">#ENVIVO<\/a> <br>Oaxaca de Ju\u00e1rez, Oax., 7 de septiembre de 2020.- Conferencia de prensa de agentes municipales de Santiago Juxtlahuaca; denuncian que el edil Nicol\u00e1s Feria no entrega recursos p\u00fablicos.<br>Aqu\u00ed la transmisi\u00f3n:<br>\ud83d\udc47<a href=\"https:\/\/t.co\/x9deanCvFF\">https:\/\/t.co\/x9deanCvFF<\/a> <a href=\"https:\/\/t.co\/bU8qClBhQK\">pic.twitter.com\/bU8qClBhQK<\/a><\/p>&mdash; Zona Roja Oaxaca (@MexRoja) <a href=\"https:\/\/twitter.com\/MexRoja\/status\/1302989811255402497?ref_src=twsrc%5Etfw\">7 de septiembre de 2020<\/a><\/blockquote><\/div>\n<\/div><\/figure>\n\n\n\n<p>Finalmente, agentes municipales de Santiago Juxtlahuaca arribaron a la capital del estado para exigir al edil, Nicol\u00e1s Feria Romero, la asignaci\u00f3n de los recursos p\u00fablicos de los ramos 28 y 33, quien s\u00f3lo ha utilizado como arma de manipulaci\u00f3n en las comunidades del municipio.&nbsp;<\/p>\n\n\n\n<p>Recordaron que han pasado 20 meses de la denuncia p\u00fablica sobre la retenci\u00f3n de la entrega de los recursos, misma que deriv\u00f3 en un plant\u00f3n que inicio en enero del 2019 que tampoco ha sido tomado en cuenta por la autoridad que se niega a escuchar a las comunidades en la priorizaci\u00f3n de obras, raz\u00f3n por la que solicitaron la intervenci\u00f3n del gobernador de Oaxaca, Alejandro Murat, para dar soluci\u00f3n a la problem\u00e1tica antes de que las cosas escalen a mayores.&nbsp;<\/p>\n\n\n\n<p>Se trata de pobladores de La Sabana, Tierra Blanca, Yutazani y Llano de Ju\u00e1rez Copala, pertenecientes a la regi\u00f3n Triqui; as\u00ed como Santo Domingo Juxtlahuaca, Cuauht\u00e9moc Yucunicoco y San Florencio, de la regi\u00f3n Mixteca, quienes se han mantenido en lucha durante 18 meses, en los que, pese a las reuniones sostenidas con autoridades de gobierno, las resoluciones han sido ignoradas por el edil, que cuenta con la protecci\u00f3n de funcionario estatales.&nbsp;&nbsp;<\/p>\n\n\n\n<p>Y en la agencia de Montoya, al poniente de la capital oaxaque\u00f1a, otro grupo de pobladores se manifest\u00f3 al frente de una obra en construcci\u00f3n, al se\u00f1alar que no les han informado de qu\u00e9 inmueble se trata y si pondr\u00e1 en riesgo a los habitantes de esa zona.<\/p>\n\n\n\n<figure class=\"wp-block-image size-large\"><img decoding=\"async\" width=\"320\" height=\"240\" src=\"http:\/\/www.zonaroja.com.mx\/wp-content\/uploads\/2020\/09\/Protesta-CIPO.png\" alt=\"\" class=\"wp-image-17318\" srcset=\"https:\/\/zonaroja.com.mx\/wp-content\/uploads\/2020\/09\/Protesta-CIPO.png 320w, https:\/\/zonaroja.com.mx\/wp-content\/uploads\/2020\/09\/Protesta-CIPO-300x225.png 300w\" sizes=\"(max-width: 320px) 100vw, 320px\" \/><\/figure>\n","protected":false},"excerpt":{"rendered":"<p>Evlin Arag\u00f3n\/Zona Roja. Oaxaca de Ju\u00e1rez, Oax., 7 de septiembre de 2020.- Lejos de reducir&hellip;<\/p>\n","protected":false},"author":2,"featured_media":17317,"comment_status":"closed","ping_status":"open","sticky":false,"template":"","format":"standard","meta":{"_lmt_disableupdate":"","_lmt_disable":"","_jetpack_memberships_contains_paid_content":false,"footnotes":""},"categories":[109,47],"tags":[518],"class_list":["post-17316","post","type-post","status-publish","format-standard","has-post-thumbnail","hentry","category-minuto-a-minuto","category-zona-gris","tag-protestas-oaxaca"],"jetpack_featured_media_url":"https:\/\/zonaroja.com.mx\/wp-content\/uploads\/2020\/09\/Protesta-Servicios-de-Salud.jpg","jetpack_sharing_enabled":true,"_links":{"self":[{"href":"https:\/\/zonaroja.com.mx\/index.php?rest_route=\/wp\/v2\/posts\/17316","targetHints":{"allow":["GET"]}}],"collection":[{"href":"https:\/\/zonaroja.com.mx\/index.php?rest_route=\/wp\/v2\/posts"}],"about":[{"href":"https:\/\/zonaroja.com.mx\/index.php?rest_route=\/wp\/v2\/types\/post"}],"author":[{"embeddable":true,"href":"https:\/\/zonaroja.com.mx\/index.php?rest_route=\/wp\/v2\/users\/2"}],"replies":[{"embeddable":true,"href":"https:\/\/zonaroja.com.mx\/index.php?rest_route=%2Fwp%2Fv2%2Fcomments&post=17316"}],"version-history":[{"count":1,"href":"https:\/\/zonaroja.com.mx\/index.php?rest_route=\/wp\/v2\/posts\/17316\/revisions"}],"predecessor-version":[{"id":17319,"href":"https:\/\/zonaroja.com.mx\/index.php?rest_route=\/wp\/v2\/posts\/17316\/revisions\/17319"}],"wp:featuredmedia":[{"embeddable":true,"href":"https:\/\/zonaroja.com.mx\/index.php?rest_route=\/wp\/v2\/media\/17317"}],"wp:attachment":[{"href":"https:\/\/zonaroja.com.mx\/index.php?rest_route=%2Fwp%2Fv2%2Fmedia&parent=17316"}],"wp:term":[{"taxonomy":"category","embeddable":true,"href":"https:\/\/zonaroja.com.mx\/index.php?rest_route=%2Fwp%2Fv2%2Fcategories&post=17316"},{"taxonomy":"post_tag","embeddable":true,"href":"https:\/\/zonaroja.com.mx\/index.php?rest_route=%2Fwp%2Fv2%2Ftags&post=17316"}],"curies":[{"name":"wp","href":"https:\/\/api.w.org\/{rel}","templated":true}]}}