{"id":17322,"date":"2020-09-07T19:50:04","date_gmt":"2020-09-08T00:50:04","guid":{"rendered":"http:\/\/www.zonaroja.com.mx\/?p=17322"},"modified":"2020-09-07T19:50:08","modified_gmt":"2020-09-08T00:50:08","slug":"publica-gobernador-de-oaxaca-en-periodico-oficial-la-ley-antichatarra","status":"publish","type":"post","link":"https:\/\/zonaroja.com.mx\/?p=17322","title":{"rendered":"Publica gobernador de Oaxaca en Peri\u00f3dico Oficial la ley \u201cantichatarra\u201d"},"content":{"rendered":"\n<p>Redacci\u00f3n\/Zona Roja.<\/p>\n\n\n\n<p>Oaxaca de Ju\u00e1rez, Oax., 7 de septiembre del 2020.- Oficialmente, el pasado 5 de agosto entr\u00f3 en vigor en Oaxaca la adici\u00f3n al Art\u00edculo 20 Bis a la Ley de Ni\u00f1as, Ni\u00f1os y Adolescentes, aprobada por la 64 Cuarta Legislatura del Congreso local, con la que se proh\u00edbe la venta y suministro de comida \u201cchatarra\u201d y bebidas azucaradas a menores de edad.<\/p>\n\n\n\n<p>Lo anterior, luego de su publicaci\u00f3n en el&nbsp; Peri\u00f3dico Oficial del Estado de Oaxaca, por parte del Poder Ejecutivo estatal, que preside Alejandro Murat Hinojosa.<\/p>\n\n\n\n<p>La diputada&nbsp; Magaly L\u00f3pez Dom\u00ednguez, impulsora y promovente de dicha modificaci\u00f3n a la ley, indic\u00f3 que este hecho representa un gran avance en la lucha para erradicar el gran problema de salud p\u00fablica que son: la obesidad y diabetes en las ni\u00f1as y ni\u00f1os.<\/p>\n\n\n\n<p>Mencion\u00f3 que en Oaxaca, uno de cada tres ni\u00f1os padece problemas de sobrepeso, lo que deriva en este tipo de&nbsp; enfermedades cr\u00f3nico-degenerativas.<\/p>\n\n\n\n<p>La legisladora se\u00f1al\u00f3 que con esta disposici\u00f3n jur\u00eddica, se busca\u00a0 concientizar a la ciudadan\u00eda sobre la importancia de alimentarse sanamente.<\/p>\n\n\n\n<figure class=\"wp-block-embed-twitter wp-block-embed is-type-rich is-provider-twitter\"><div class=\"wp-block-embed__wrapper\">\n<div class=\"twitter-tweet\"><blockquote class=\"twitter-tweet\" data-lang=\"es\"><p lang=\"es\" dir=\"ltr\">\ud83d\udc49\ud83c\udffdOficialmente entr\u00f3 en vigor la adici\u00f3n al Art\u00edculo 20 Bis a la Ley de Ni\u00f1as, Ni\u00f1os y Adolescentes, que proh\u00edbe venta y suministro d comida chatarra a menores d edad. <a href=\"https:\/\/twitter.com\/elpoderdelc?ref_src=twsrc%5Etfw\">@elpoderdelc<\/a> <a href=\"https:\/\/twitter.com\/SBarquera?ref_src=twsrc%5Etfw\">@SBarquera<\/a> <a href=\"https:\/\/twitter.com\/Contrapesomx?ref_src=twsrc%5Etfw\">@Contrapesomx<\/a> <a href=\"https:\/\/twitter.com\/actuaporlasalud?ref_src=twsrc%5Etfw\">@actuaporlasalud<\/a> <a href=\"https:\/\/twitter.com\/Eltiotonysoy?ref_src=twsrc%5Etfw\">@Eltiotonysoy<\/a> <a href=\"https:\/\/twitter.com\/MD_H0_DrAaronFC?ref_src=twsrc%5Etfw\">@MD_H0_DrAaronFC<\/a> <a href=\"https:\/\/t.co\/2kak3HXbPp\">https:\/\/t.co\/2kak3HXbPp<\/a> <a href=\"https:\/\/t.co\/9foYb6k1Z5\">pic.twitter.com\/9foYb6k1Z5<\/a><\/p>&mdash; Magaly L\u00f3pez Dom\u00ednguez (@Magaly_LopezOax) <a href=\"https:\/\/twitter.com\/Magaly_LopezOax\/status\/1303130844509466624?ref_src=twsrc%5Etfw\">8 de septiembre de 2020<\/a><\/blockquote><\/div>\n<\/div><\/figure>\n\n\n\n<p>Por esta raz\u00f3n, hizo un llamado al gobernador Alejandro Murat a cumplir con lo mandatado en la ley, y realizar a la brevedad, una campa\u00f1a de&nbsp; socializaci\u00f3n del contenido de la misma, a fin de que los y las ciudadanas, tomen conciencia sobre la importancia de que los ni\u00f1os y ni\u00f1as , consuman alimentos nutritivos y tengan h\u00e1bitos saludables en su d\u00eda a d\u00eda.<\/p>\n\n\n\n<p>Agradeci\u00f3 el apoyo y&nbsp; participaci\u00f3n por parte de&nbsp; la ciudadan\u00eda en la construcci\u00f3n de esta medida jur\u00eddica.<\/p>\n\n\n\n<p>Destac\u00f3 que en todo momento se escucharon las posturas del sector empresarial, con la finalidad de puntualizar que esta ley no atenta contra los peque\u00f1os comercios, que expenden dentro de sus productos, refrescos y alimentos con alto contenido cal\u00f3rico.<\/p>\n\n\n\n<p>Celebr\u00f3 que se privilegie&nbsp; la salud de la ni\u00f1ez&nbsp; por encima de&nbsp; intereses econ\u00f3micos de las grandes industrias, que buscan enriquecerse a costa de la salud de la poblaci\u00f3n.<\/p>\n\n\n\n<p>Pidi\u00f3 a los padres de familia, que al ser ellos los facultados para poder suministrar alimentos y bebidas chatarras a sus hijas e hijos, reflexionen acerca de los da\u00f1os que estos productos\u00a0 causan a su organismo.<\/p>\n\n\n\n<figure class=\"wp-block-embed-twitter wp-block-embed is-type-rich is-provider-twitter\"><div class=\"wp-block-embed__wrapper\">\n<div class=\"twitter-tweet\"><blockquote class=\"twitter-tweet\" data-lang=\"es\"><p lang=\"es\" dir=\"ltr\">Es momento de reconstruir los h\u00e1bitos de alimentaci\u00f3n de las ni\u00f1as y ni\u00f1os en <a href=\"https:\/\/twitter.com\/hashtag\/Oaxaca?src=hash&amp;ref_src=twsrc%5Etfw\">#Oaxaca<\/a>. <a href=\"https:\/\/twitter.com\/Desde_Izquierda?ref_src=twsrc%5Etfw\">@Desde_Izquierda<\/a> <a href=\"https:\/\/twitter.com\/Eltiotonysoy?ref_src=twsrc%5Etfw\">@Eltiotonysoy<\/a> <a href=\"https:\/\/twitter.com\/DraMedelPalma?ref_src=twsrc%5Etfw\">@DraMedelPalma<\/a> <a href=\"https:\/\/t.co\/2hs7QYjUwZ\">pic.twitter.com\/2hs7QYjUwZ<\/a><\/p>&mdash; Magaly L\u00f3pez Dom\u00ednguez (@Magaly_LopezOax) <a href=\"https:\/\/twitter.com\/Magaly_LopezOax\/status\/1303067447147274242?ref_src=twsrc%5Etfw\">7 de septiembre de 2020<\/a><\/blockquote><\/div>\n<\/div><\/figure>\n","protected":false},"excerpt":{"rendered":"<p>Redacci\u00f3n\/Zona Roja. Oaxaca de Ju\u00e1rez, Oax., 7 de septiembre del 2020.- Oficialmente, el pasado 5&hellip;<\/p>\n","protected":false},"author":2,"featured_media":17323,"comment_status":"closed","ping_status":"open","sticky":false,"template":"","format":"standard","meta":{"_lmt_disableupdate":"","_lmt_disable":"","_jetpack_memberships_contains_paid_content":false,"footnotes":""},"categories":[109,46],"tags":[192],"class_list":["post-17322","post","type-post","status-publish","format-standard","has-post-thumbnail","hentry","category-minuto-a-minuto","category-zona-blanca","tag-diputada-magaly-lopez-dominguez"],"jetpack_featured_media_url":"https:\/\/zonaroja.com.mx\/wp-content\/uploads\/2020\/09\/Ley-antichatarra.jpg","jetpack_sharing_enabled":true,"_links":{"self":[{"href":"https:\/\/zonaroja.com.mx\/index.php?rest_route=\/wp\/v2\/posts\/17322","targetHints":{"allow":["GET"]}}],"collection":[{"href":"https:\/\/zonaroja.com.mx\/index.php?rest_route=\/wp\/v2\/posts"}],"about":[{"href":"https:\/\/zonaroja.com.mx\/index.php?rest_route=\/wp\/v2\/types\/post"}],"author":[{"embeddable":true,"href":"https:\/\/zonaroja.com.mx\/index.php?rest_route=\/wp\/v2\/users\/2"}],"replies":[{"embeddable":true,"href":"https:\/\/zonaroja.com.mx\/index.php?rest_route=%2Fwp%2Fv2%2Fcomments&post=17322"}],"version-history":[{"count":1,"href":"https:\/\/zonaroja.com.mx\/index.php?rest_route=\/wp\/v2\/posts\/17322\/revisions"}],"predecessor-version":[{"id":17324,"href":"https:\/\/zonaroja.com.mx\/index.php?rest_route=\/wp\/v2\/posts\/17322\/revisions\/17324"}],"wp:featuredmedia":[{"embeddable":true,"href":"https:\/\/zonaroja.com.mx\/index.php?rest_route=\/wp\/v2\/media\/17323"}],"wp:attachment":[{"href":"https:\/\/zonaroja.com.mx\/index.php?rest_route=%2Fwp%2Fv2%2Fmedia&parent=17322"}],"wp:term":[{"taxonomy":"category","embeddable":true,"href":"https:\/\/zonaroja.com.mx\/index.php?rest_route=%2Fwp%2Fv2%2Fcategories&post=17322"},{"taxonomy":"post_tag","embeddable":true,"href":"https:\/\/zonaroja.com.mx\/index.php?rest_route=%2Fwp%2Fv2%2Ftags&post=17322"}],"curies":[{"name":"wp","href":"https:\/\/api.w.org\/{rel}","templated":true}]}}