{"id":17325,"date":"2020-09-07T20:41:17","date_gmt":"2020-09-08T01:41:17","guid":{"rendered":"http:\/\/www.zonaroja.com.mx\/?p=17325"},"modified":"2020-09-07T20:41:21","modified_gmt":"2020-09-08T01:41:21","slug":"separan-a-fiscal-en-jefe-de-tlaxiaco-por-presuntos-actos-de-corrupcion","status":"publish","type":"post","link":"https:\/\/zonaroja.com.mx\/?p=17325","title":{"rendered":"Separan a fiscal en jefe de Tlaxiaco, por presuntos actos de corrupci\u00f3n"},"content":{"rendered":"\n<p>Redacci\u00f3n\/Zona Roja.<\/p>\n\n\n\n<p>Oaxaca de Ju\u00e1rez, Oax., 7 de septiembre de 2020.- Arcadio Su\u00e1rez Ram\u00edrez, fiscal en jefe de la Agencia del Ministerio P\u00fablico de la Fiscal\u00eda General del Estado de Oaxaca (FGEO) con sede en la Heroica Ciudad de Tlaxiaco, fue suspendido de sus labores por presuntos actos de corrupci\u00f3n.<\/p>\n\n\n\n<p>As\u00ed lo inform\u00f3 el Centro de Derechos humanos y Asesor\u00eda a Pueblos Ind\u00edgenas A.C. (Cedhapi A.C.) organismo que lo considera como una buena se\u00f1al de la instituci\u00f3n ministerial, como parte de una investigaci\u00f3n por diversas quejas en contra de dicho funcionario.<\/p>\n\n\n\n<p>\u201cFueron m\u00faltiples quejas recibidas por la visitadur\u00eda&nbsp; de la FGEO&nbsp; y por lo cual el d\u00eda de hoy 7 de septiembre del 2020 le fue notificado al licenciado Arcadio Su\u00e1rez Ram\u00edrez&nbsp; la suspensi\u00f3n del cargo como fiscal en jefe de la Ciudad de Tlaxiaco\u201d, expuso mediante un comunicado.<\/p>\n\n\n\n<p>Detall\u00f3 que por ello, reconoce el esfuerzo y la buena voluntad del Fiscal General de Oaxaca, Rub\u00e9n Vasconcelos M\u00e9ndez, de no tolerar actos de corrupci\u00f3n en la Fiscal\u00eda \u201cy que esperamos que se contin\u00fae con la investigaci\u00f3n y responsabilizar de sus actos al ex fiscal en jefe de la Ciudad de Tlaxiaco. Situaci\u00f3n que abona a una buena procuraci\u00f3n de justicia en nuestra regi\u00f3n Mixteca\u201d.<\/p>\n","protected":false},"excerpt":{"rendered":"<p>Redacci\u00f3n\/Zona Roja. Oaxaca de Ju\u00e1rez, Oax., 7 de septiembre de 2020.- Arcadio Su\u00e1rez Ram\u00edrez, fiscal&hellip;<\/p>\n","protected":false},"author":2,"featured_media":8850,"comment_status":"closed","ping_status":"open","sticky":false,"template":"","format":"standard","meta":{"_lmt_disableupdate":"","_lmt_disable":"","_jetpack_memberships_contains_paid_content":false,"footnotes":""},"categories":[109,47],"tags":[494],"class_list":["post-17325","post","type-post","status-publish","format-standard","has-post-thumbnail","hentry","category-minuto-a-minuto","category-zona-gris","tag-fiscalia-general-del-estado-de-oaxaca"],"jetpack_featured_media_url":"https:\/\/zonaroja.com.mx\/wp-content\/uploads\/2020\/02\/Sede-Fiscal\u00eda-General-4.png","jetpack_sharing_enabled":true,"_links":{"self":[{"href":"https:\/\/zonaroja.com.mx\/index.php?rest_route=\/wp\/v2\/posts\/17325","targetHints":{"allow":["GET"]}}],"collection":[{"href":"https:\/\/zonaroja.com.mx\/index.php?rest_route=\/wp\/v2\/posts"}],"about":[{"href":"https:\/\/zonaroja.com.mx\/index.php?rest_route=\/wp\/v2\/types\/post"}],"author":[{"embeddable":true,"href":"https:\/\/zonaroja.com.mx\/index.php?rest_route=\/wp\/v2\/users\/2"}],"replies":[{"embeddable":true,"href":"https:\/\/zonaroja.com.mx\/index.php?rest_route=%2Fwp%2Fv2%2Fcomments&post=17325"}],"version-history":[{"count":1,"href":"https:\/\/zonaroja.com.mx\/index.php?rest_route=\/wp\/v2\/posts\/17325\/revisions"}],"predecessor-version":[{"id":17326,"href":"https:\/\/zonaroja.com.mx\/index.php?rest_route=\/wp\/v2\/posts\/17325\/revisions\/17326"}],"wp:featuredmedia":[{"embeddable":true,"href":"https:\/\/zonaroja.com.mx\/index.php?rest_route=\/wp\/v2\/media\/8850"}],"wp:attachment":[{"href":"https:\/\/zonaroja.com.mx\/index.php?rest_route=%2Fwp%2Fv2%2Fmedia&parent=17325"}],"wp:term":[{"taxonomy":"category","embeddable":true,"href":"https:\/\/zonaroja.com.mx\/index.php?rest_route=%2Fwp%2Fv2%2Fcategories&post=17325"},{"taxonomy":"post_tag","embeddable":true,"href":"https:\/\/zonaroja.com.mx\/index.php?rest_route=%2Fwp%2Fv2%2Ftags&post=17325"}],"curies":[{"name":"wp","href":"https:\/\/api.w.org\/{rel}","templated":true}]}}