{"id":17327,"date":"2020-09-07T21:22:40","date_gmt":"2020-09-08T02:22:40","guid":{"rendered":"http:\/\/www.zonaroja.com.mx\/?p=17327"},"modified":"2020-09-07T21:22:45","modified_gmt":"2020-09-08T02:22:45","slug":"busca-flavio-sosa-secretaria-general-de-morena-se-registro-ante-el-ine","status":"publish","type":"post","link":"https:\/\/zonaroja.com.mx\/?p=17327","title":{"rendered":"Busca Flavio Sosa Secretar\u00eda General de Morena; se registr\u00f3 ante el INE"},"content":{"rendered":"\n<p>Yuridiana Sosa\/Zona Roja.<\/p>\n\n\n\n<p>Oaxaca de Ju\u00e1rez, Oax., 7 de septiembre de 2020.-&nbsp; El activista y ex legislador Flavio Sosa Villavicencio se registr\u00f3 este lunes ante el Instituto Nacional Electoral (INE) como aspirante a ocupar la Secretar\u00eda General del Comit\u00e9 Ejecutivo Nacional (CEN) de Morena, a renovarse en pr\u00f3ximas semanas<\/p>\n\n\n\n<p>Tras su registro en la Junta Local Oaxaca en la capital del estado, acompa\u00f1ado de simpatizantes de Morena, legisladores locales, dirigencia del Comit\u00e9 Ejecutivo Estatal, de la diputada federal Irma Juan Carlos, el diputado local Horacio Sosa y del senador Salom\u00f3n Jara Cruz, recalc\u00f3 su inter\u00e9s por rescatar al partido del burocratismo.<\/p>\n\n\n\n<p>El dirigente de la organizaci\u00f3n Comuna Oaxaca se\u00f1al\u00f3 que entre los motivos que lo impulsaron a inscribirse es buscar una transformaci\u00f3n urgente del partido, as\u00ed como \u201cconvertir a Morena en una instituci\u00f3n democr\u00e1tica, no burocr\u00e1tica y hacer de Morena una instituci\u00f3n viva\u201d.<\/p>\n\n\n\n<figure class=\"wp-block-embed-twitter wp-block-embed is-type-rich is-provider-twitter\"><div class=\"wp-block-embed__wrapper\">\n<div class=\"twitter-tweet\"><blockquote class=\"twitter-tweet\" data-lang=\"es\"><p lang=\"es\" dir=\"ltr\">(1) Ante representantes del <a href=\"https:\/\/twitter.com\/INE_Oaxaca?ref_src=twsrc%5Etfw\">@INE_Oaxaca<\/a>, el activista <a href=\"https:\/\/twitter.com\/flaviososavilla?ref_src=twsrc%5Etfw\">@flaviososavilla<\/a> se registr\u00f3 esta tarde como aspirante a la Secretar\u00eda General del Partido Morena a nivel nacional. <a href=\"https:\/\/t.co\/7hIlAE1I9S\">pic.twitter.com\/7hIlAE1I9S<\/a><\/p>&mdash; Zona Roja Oaxaca (@MexRoja) <a href=\"https:\/\/twitter.com\/MexRoja\/status\/1303115973390561280?ref_src=twsrc%5Etfw\">7 de septiembre de 2020<\/a><\/blockquote><\/div>\n<\/div><\/figure>\n\n\n\n<p>Entre las propuestas que present\u00f3, enunci\u00f3 la de acabar con la burocracia al interior de Morena, situaci\u00f3n que paraliz\u00f3 al organismo; dar voz a las bases y revisar el funcionamiento de los procedimientos estatutarios; acceso real a la toma de decisiones al interior del partido.<\/p>\n\n\n\n<p>As\u00ed tambi\u00e9n, asever\u00f3 que eliminar\u00e1 la conversi\u00f3n de Morena en ser s\u00f3lo un electorero, pues busca la acentuaci\u00f3n de un partido de causas, desde las luchas del feminismo, defensa del medio ambiente, de los pueblos originario e ind\u00edgenas, derechos humanos entre otros.<\/p>\n\n\n\n<p>Durante este proceso, los aspirantes ser\u00e1n electos de forma individual y no en f\u00f3rmula, la cual se llevar\u00e1 a cabo del 26 de septiembre al 2 de octubre a trav\u00e9s del m\u00e9todo de encuesta abierta. Quien resulte ganador culminar\u00e1 su cargo hasta el 31 de agosto de 2023.<\/p>\n\n\n\n<p>El registro a nivel nacional para aspirantes termina este 8 de septiembre y el INE estableci\u00f3 que a m\u00e1s tardar el 11 de septiembre, la Direcci\u00f3n Ejecutiva de Prerrogativas y Partidos Pol\u00edticos realizar\u00e1 el an\u00e1lisis de las solicitudes recibidas y el 12 de septiembre, la Comisi\u00f3n de Prerrogativas y Partidos Pol\u00edticos aprobar\u00eda el listado de las candidaturas que cumplan con los requisitos.<\/p>\n\n\n\n<figure class=\"wp-block-embed-twitter wp-block-embed is-type-rich is-provider-twitter\"><div class=\"wp-block-embed__wrapper\">\n<div class=\"twitter-tweet\"><blockquote class=\"twitter-tweet\" data-lang=\"es\"><p lang=\"es\" dir=\"ltr\">(2) Arropado por cientos de militantes, concejales y legisladores, como <a href=\"https:\/\/twitter.com\/salomonj?ref_src=twsrc%5Etfw\">@salomonj<\/a> y <a href=\"https:\/\/twitter.com\/HoracioSosaOax?ref_src=twsrc%5Etfw\">@HoracioSosaOax<\/a>, el aspirante al Comit\u00e9 Ejecutivo Nacional de Morena, <a href=\"https:\/\/twitter.com\/flaviososavilla?ref_src=twsrc%5Etfw\">@flaviososavilla<\/a>, asegur\u00f3 que buscar\u00e1 conformar una instituci\u00f3n democr\u00e1tica, no burocr\u00e1tica. <a href=\"https:\/\/t.co\/lJUexM0MFc\">pic.twitter.com\/lJUexM0MFc<\/a><\/p>&mdash; Zona Roja Oaxaca (@MexRoja) <a href=\"https:\/\/twitter.com\/MexRoja\/status\/1303119989205917696?ref_src=twsrc%5Etfw\">7 de septiembre de 2020<\/a><\/blockquote><\/div>\n<\/div><\/figure>\n","protected":false},"excerpt":{"rendered":"<p>Yuridiana Sosa\/Zona Roja. Oaxaca de Ju\u00e1rez, Oax., 7 de septiembre de 2020.-&nbsp; El activista y&hellip;<\/p>\n","protected":false},"author":2,"featured_media":17328,"comment_status":"closed","ping_status":"open","sticky":false,"template":"","format":"standard","meta":{"_lmt_disableupdate":"","_lmt_disable":"","_jetpack_memberships_contains_paid_content":false,"footnotes":""},"categories":[109,46],"tags":[685],"class_list":["post-17327","post","type-post","status-publish","format-standard","has-post-thumbnail","hentry","category-minuto-a-minuto","category-zona-blanca","tag-flavio-sosa-villavicencio"],"jetpack_featured_media_url":"https:\/\/zonaroja.com.mx\/wp-content\/uploads\/2020\/09\/Flavio-Sosa-registro-INE.jpg","jetpack_sharing_enabled":true,"_links":{"self":[{"href":"https:\/\/zonaroja.com.mx\/index.php?rest_route=\/wp\/v2\/posts\/17327","targetHints":{"allow":["GET"]}}],"collection":[{"href":"https:\/\/zonaroja.com.mx\/index.php?rest_route=\/wp\/v2\/posts"}],"about":[{"href":"https:\/\/zonaroja.com.mx\/index.php?rest_route=\/wp\/v2\/types\/post"}],"author":[{"embeddable":true,"href":"https:\/\/zonaroja.com.mx\/index.php?rest_route=\/wp\/v2\/users\/2"}],"replies":[{"embeddable":true,"href":"https:\/\/zonaroja.com.mx\/index.php?rest_route=%2Fwp%2Fv2%2Fcomments&post=17327"}],"version-history":[{"count":1,"href":"https:\/\/zonaroja.com.mx\/index.php?rest_route=\/wp\/v2\/posts\/17327\/revisions"}],"predecessor-version":[{"id":17329,"href":"https:\/\/zonaroja.com.mx\/index.php?rest_route=\/wp\/v2\/posts\/17327\/revisions\/17329"}],"wp:featuredmedia":[{"embeddable":true,"href":"https:\/\/zonaroja.com.mx\/index.php?rest_route=\/wp\/v2\/media\/17328"}],"wp:attachment":[{"href":"https:\/\/zonaroja.com.mx\/index.php?rest_route=%2Fwp%2Fv2%2Fmedia&parent=17327"}],"wp:term":[{"taxonomy":"category","embeddable":true,"href":"https:\/\/zonaroja.com.mx\/index.php?rest_route=%2Fwp%2Fv2%2Fcategories&post=17327"},{"taxonomy":"post_tag","embeddable":true,"href":"https:\/\/zonaroja.com.mx\/index.php?rest_route=%2Fwp%2Fv2%2Ftags&post=17327"}],"curies":[{"name":"wp","href":"https:\/\/api.w.org\/{rel}","templated":true}]}}