{"id":1733,"date":"2019-06-20T22:56:54","date_gmt":"2019-06-21T03:56:54","guid":{"rendered":"http:\/\/www.zonaroja.com.mx\/?p=1733"},"modified":"2019-06-20T22:56:56","modified_gmt":"2019-06-21T03:56:56","slug":"parcializa-fiscal-ruben-vasconcelos-la-justicia-san-miguel-cajonos","status":"publish","type":"post","link":"https:\/\/zonaroja.com.mx\/?p=1733","title":{"rendered":"Parcializa fiscal Rub\u00e9n Vasconcelos la justicia: San Miguel Cajonos"},"content":{"rendered":"\n<p>Ismael\nGarc\u00eda M.<\/p>\n\n\n\n<p>Oaxaca de\nJu\u00e1rez, Oax.,&nbsp; 20 de junio de 2019.- El\nfiscal General del Estado, Rub\u00e9n Vasconcelos M\u00e9ndez, parcializa la justicia;\nact\u00faa pol\u00edticamente; cita a mesas de trabajo donde no lleva ni propuestas\nconcretas para la soluci\u00f3n del conflicto, y mantiene en la impunidad y sin\nb\u00fasqueda la desaparici\u00f3n de dos personas.<\/p>\n\n\n\n<p>As\u00ed lo\ndenunciaron este jueves autoridades agrarias y municipales de San Miguel\nCajonos, agencia del municipio de San Francisco Cajonos, al exigir al Gobierno\ndel Estado seriedad y procuraci\u00f3n de justicia imparcial.<\/p>\n\n\n\n<p>El 27 de\ndiciembre de 2017 se suscit\u00f3 un enfrentamiento con sus vecinos de San Pedro\nCajonos, tras la realizaci\u00f3n de trabajos en una brecha que los divide, lo que\narroj\u00f3 dos muertos del lado de San Pedro y dos desaparecidos de San Miguel,\n\u00c1lvaro Bernardo Reyes Cruz y Federico Cruz Morales, presuntamente secuestrados.<\/p>\n\n\n\n<p>\u201cResponsabilizamos\nal fiscal Rub\u00e9n Vasconcelos y a Alejandro Moreno Hurtado que no est\u00e1n actuando\ncon imparcialidad y enfocan m\u00e1s su atenci\u00f3n y favoritismo a San Pedro Cajonos,\ndejando impune la carpeta de investigaci\u00f3n de la desaparici\u00f3n forzada de las ex\nautoridades comunales de San Miguel\u201d, se\u00f1alaron.<\/p>\n\n\n\n<p>En\nconferencia de prensa en un restaurante del centro de la ciudad, pidieron al\nsecretario General de Gobierno, H\u00e9ctor Anuar Mafud, que tome cartas en el\nasunto y designe personal capacitad para concientizar la importancia de la paz.<\/p>\n\n\n\n<p>\u201cY no como la mesa de di\u00e1logo que program\u00f3 el dr. Rub\u00e9n Vasconcelos M\u00e9ndez, fiscal del Estado, con un d\u00eda de anticipaci\u00f3n y sin propuestas concretas para los dos pueblos\u201d.<\/p>\n\n\n\n<figure class=\"wp-block-embed-twitter wp-block-embed is-type-rich is-provider-twitter\"><div class=\"wp-block-embed__wrapper\">\n<div class=\"twitter-tweet\"><blockquote class=\"twitter-tweet\" data-lang=\"es\"><p lang=\"es\" dir=\"ltr\"><a href=\"https:\/\/twitter.com\/hashtag\/OaxacaRojo?src=hash&amp;ref_src=twsrc%5Etfw\">#OaxacaRojo<\/a><br>M\u00e1s denuncias contra la negligencia y favoritismos de la <a href=\"https:\/\/twitter.com\/FISCALIA_GobOax?ref_src=twsrc%5Etfw\">@FISCALIA_GobOax<\/a>; el fiscal <a href=\"https:\/\/twitter.com\/RVasconcelosM?ref_src=twsrc%5Etfw\">@RVasconcelosM<\/a> s\u00f3lo promesas y se inclin\u00f3 por San Pedro Cajonos, acusa San Miguel Cajonos, que exige b\u00fasqueda de dos desaparecidos. <a href=\"https:\/\/t.co\/bDS9Lzs661\">pic.twitter.com\/bDS9Lzs661<\/a><\/p>&mdash; Zona Roja Oaxaca (@MexRoja) <a href=\"https:\/\/twitter.com\/MexRoja\/status\/1141747036322246657?ref_src=twsrc%5Etfw\">20 de junio de 2019<\/a><\/blockquote><\/div>\n<\/div><\/figure>\n\n\n\n<p>\u201cCHIVOS\nEXPIATORIOS\u201d<\/p>\n\n\n\n<p>El agente Municipal, Amado Gabriel Ramos, y el presidente\ndel Comisariado de Bienes Comunales, Antonio Flores Z\u00e1rate, entre otros, manifestaron\nque no permitir\u00e1n la detenci\u00f3n de m\u00e1s \u201cchivos expiatorios o una cacer\u00eda de\nbrujas con fines pol\u00edticos\u201d, tras la aprehensi\u00f3n de su paisano Alfonso Mart\u00ednez\nJim\u00e9nez, ex presidente del Consejo de Vigilancia de San Miguel.<\/p>\n\n\n\n<p>Se deslindaron de los hechos violentos ocurridos el pasado\n27 de mayo de este a\u00f1o, donde fueron atacados y privados de la vida\ncomerciantes de San Pedro Cajonos, un hombre y una mujer.<\/p>\n\n\n\n<p>Responsabilizaron a un grupo de j\u00f3venes y autoridades\nmunicipales encabezadas por el edil Mariano Velasco Gonz\u00e1lez, de realizar actos\nde violencia que trastoca la paz y tranquilidad de los pueblos.<\/p>\n\n\n\n<p>\u201cQue no se corrompa m\u00e1s la tranquilidad de nuestros pueblos\u201d,\npidieron.<\/p>\n","protected":false},"excerpt":{"rendered":"<p>Ismael Garc\u00eda M. Oaxaca de Ju\u00e1rez, Oax.,&nbsp; 20 de junio de 2019.- El fiscal General&hellip;<\/p>\n","protected":false},"author":2,"featured_media":1734,"comment_status":"closed","ping_status":"open","sticky":false,"template":"","format":"standard","meta":{"_lmt_disableupdate":"","_lmt_disable":"","_jetpack_memberships_contains_paid_content":false,"footnotes":""},"categories":[109,51],"tags":[59,58,170,172,171],"class_list":["post-1733","post","type-post","status-publish","format-standard","has-post-thumbnail","hentry","category-minuto-a-minuto","category-zona-roja","tag-fiscalia-general-del-estado","tag-oaxaca","tag-ruben-vasconcelos-mendez","tag-san-pedro-cajonos","tag-sanmiguel-cajonos"],"jetpack_featured_media_url":"https:\/\/zonaroja.com.mx\/wp-content\/uploads\/2019\/06\/Conferencia-San-Miguel-Cajonos.jpg","jetpack_sharing_enabled":true,"_links":{"self":[{"href":"https:\/\/zonaroja.com.mx\/index.php?rest_route=\/wp\/v2\/posts\/1733","targetHints":{"allow":["GET"]}}],"collection":[{"href":"https:\/\/zonaroja.com.mx\/index.php?rest_route=\/wp\/v2\/posts"}],"about":[{"href":"https:\/\/zonaroja.com.mx\/index.php?rest_route=\/wp\/v2\/types\/post"}],"author":[{"embeddable":true,"href":"https:\/\/zonaroja.com.mx\/index.php?rest_route=\/wp\/v2\/users\/2"}],"replies":[{"embeddable":true,"href":"https:\/\/zonaroja.com.mx\/index.php?rest_route=%2Fwp%2Fv2%2Fcomments&post=1733"}],"version-history":[{"count":1,"href":"https:\/\/zonaroja.com.mx\/index.php?rest_route=\/wp\/v2\/posts\/1733\/revisions"}],"predecessor-version":[{"id":1735,"href":"https:\/\/zonaroja.com.mx\/index.php?rest_route=\/wp\/v2\/posts\/1733\/revisions\/1735"}],"wp:featuredmedia":[{"embeddable":true,"href":"https:\/\/zonaroja.com.mx\/index.php?rest_route=\/wp\/v2\/media\/1734"}],"wp:attachment":[{"href":"https:\/\/zonaroja.com.mx\/index.php?rest_route=%2Fwp%2Fv2%2Fmedia&parent=1733"}],"wp:term":[{"taxonomy":"category","embeddable":true,"href":"https:\/\/zonaroja.com.mx\/index.php?rest_route=%2Fwp%2Fv2%2Fcategories&post=1733"},{"taxonomy":"post_tag","embeddable":true,"href":"https:\/\/zonaroja.com.mx\/index.php?rest_route=%2Fwp%2Fv2%2Ftags&post=1733"}],"curies":[{"name":"wp","href":"https:\/\/api.w.org\/{rel}","templated":true}]}}