{"id":17330,"date":"2020-09-07T21:42:04","date_gmt":"2020-09-08T02:42:04","guid":{"rendered":"http:\/\/www.zonaroja.com.mx\/?p=17330"},"modified":"2020-09-07T21:42:08","modified_gmt":"2020-09-08T02:42:08","slug":"abogados-en-la-cuenca-exigen-reapertura-de-juzgados-en-el-estado","status":"publish","type":"post","link":"https:\/\/zonaroja.com.mx\/?p=17330","title":{"rendered":"Abogados en la Cuenca exigen reapertura de juzgados en el estado"},"content":{"rendered":"\n<p>Yuridiana Sosa\/Zona Roja.<\/p>\n\n\n\n<p>San Juan Bautista Tuxtepec, Oax., 7 de septiembre de 2020.- Integrantes del Ilustre Colegio Mexicano de Abogados del Juicio Oral, cap\u00edtulo Oaxaca, exigieron al Poder Judicial y Poder Ejecutivo la urgente reanudaci\u00f3n de actividades en los juzgados en todo el estado.<\/p>\n\n\n\n<p>En conferencia de prensa en el municipio de Tuxtepec, el presidente estatal del Ilustre Colegio, El\u00edas Mart\u00ednez P\u00e9rez, expuso la crisis econ\u00f3mica que presentan los abogados, que desde el inicio de la contingencia sanitaria por Covid-19 se quedaron sin trabajo, adem\u00e1s de rezagos en sus litigios.<\/p>\n\n\n\n<p>El representante de los juristas demand\u00f3 al Poder Judicial implemente las medidas de sanidad necesarias para la apertura de los servicios de administraci\u00f3n de justicia, mientras que al Poder Ejecutivo su intervenci\u00f3n para que se organiza con el sindicato de bur\u00f3cratas y regresan a trabajar los empleados, que no son parte de los grupos vulnerables.<\/p>\n\n\n\n<p>Los profesionales en toda la entidad manifestaron la misma inconformidad y exigencia, pues, adem\u00e1s, desde hace varios meses la fecha de regreso a actividades se ha postergado y no dudan que la \u00faltima que se ofrece para el 17 de septiembre ser\u00e1 cambiada.<\/p>\n\n\n\n<p>\u201cDespu\u00e9s de seis meses no podemos seguir con un estado de impartici\u00f3n de justicia a medias\u201d, expres\u00f3 el presidente del Colegio, quien propuso la habilitaci\u00f3n de una ventanilla para la recepci\u00f3n de documentos como medida m\u00ednima para iniciar actividades.<\/p>\n\n\n\n<p>Demandaron transparencia sobre el supuesto trabajo en casa que llevar\u00edan a cabo los funcionarios judiciales de Oaxaca con el fin de abatir los rezagos, pues de no llevar a cabo esa actividad al regreso de labores en los juzgados los tr\u00e1mites presentar\u00e1n mayores atrasos.<\/p>\n\n\n\n<p>Como parte de esta exigencia el Ilustre Colegio Mexicano de Abogados del Juicio Oral, cap\u00edtulo Oaxaca, recorrer\u00e1 las ocho regiones para dar a conocer su exigencia y en lo posterior realizar la demanda de manera formal al gobierno del estado.<\/p>\n","protected":false},"excerpt":{"rendered":"<p>Yuridiana Sosa\/Zona Roja. San Juan Bautista Tuxtepec, Oax., 7 de septiembre de 2020.- Integrantes del&hellip;<\/p>\n","protected":false},"author":2,"featured_media":17331,"comment_status":"closed","ping_status":"open","sticky":false,"template":"","format":"standard","meta":{"_lmt_disableupdate":"","_lmt_disable":"","_jetpack_memberships_contains_paid_content":false,"footnotes":""},"categories":[109,47],"tags":[1662],"class_list":["post-17330","post","type-post","status-publish","format-standard","has-post-thumbnail","hentry","category-minuto-a-minuto","category-zona-gris","tag-ilustre-colegio-mexicano-de-abogados-del-juicio-oral"],"jetpack_featured_media_url":"https:\/\/zonaroja.com.mx\/wp-content\/uploads\/2020\/09\/Abogados-Cuenca.jpg","jetpack_sharing_enabled":true,"_links":{"self":[{"href":"https:\/\/zonaroja.com.mx\/index.php?rest_route=\/wp\/v2\/posts\/17330","targetHints":{"allow":["GET"]}}],"collection":[{"href":"https:\/\/zonaroja.com.mx\/index.php?rest_route=\/wp\/v2\/posts"}],"about":[{"href":"https:\/\/zonaroja.com.mx\/index.php?rest_route=\/wp\/v2\/types\/post"}],"author":[{"embeddable":true,"href":"https:\/\/zonaroja.com.mx\/index.php?rest_route=\/wp\/v2\/users\/2"}],"replies":[{"embeddable":true,"href":"https:\/\/zonaroja.com.mx\/index.php?rest_route=%2Fwp%2Fv2%2Fcomments&post=17330"}],"version-history":[{"count":1,"href":"https:\/\/zonaroja.com.mx\/index.php?rest_route=\/wp\/v2\/posts\/17330\/revisions"}],"predecessor-version":[{"id":17332,"href":"https:\/\/zonaroja.com.mx\/index.php?rest_route=\/wp\/v2\/posts\/17330\/revisions\/17332"}],"wp:featuredmedia":[{"embeddable":true,"href":"https:\/\/zonaroja.com.mx\/index.php?rest_route=\/wp\/v2\/media\/17331"}],"wp:attachment":[{"href":"https:\/\/zonaroja.com.mx\/index.php?rest_route=%2Fwp%2Fv2%2Fmedia&parent=17330"}],"wp:term":[{"taxonomy":"category","embeddable":true,"href":"https:\/\/zonaroja.com.mx\/index.php?rest_route=%2Fwp%2Fv2%2Fcategories&post=17330"},{"taxonomy":"post_tag","embeddable":true,"href":"https:\/\/zonaroja.com.mx\/index.php?rest_route=%2Fwp%2Fv2%2Ftags&post=17330"}],"curies":[{"name":"wp","href":"https:\/\/api.w.org\/{rel}","templated":true}]}}