{"id":17339,"date":"2020-09-08T08:11:40","date_gmt":"2020-09-08T13:11:40","guid":{"rendered":"http:\/\/www.zonaroja.com.mx\/?p=17339"},"modified":"2020-09-08T08:11:44","modified_gmt":"2020-09-08T13:11:44","slug":"pide-legislador-transparentar-recursos-destinados-a-la-pandemia-en-oaxaca","status":"publish","type":"post","link":"https:\/\/zonaroja.com.mx\/?p=17339","title":{"rendered":"Pide legislador transparentar recursos destinados a la pandemia en Oaxaca"},"content":{"rendered":"\n<p>Evlin Arag\u00f3n\/Zona Roja.<\/p>\n\n\n\n<p>Oaxaca de Ju\u00e1rez, Oax., 8 de septiembre de 2020.- Con la finalidad de evitar actos de corrupci\u00f3n en el sector salud, el diputado local por el Partido del Trabajo, C\u00e9sar Morales Ni\u00f1o, exigi\u00f3 que se transparente el uso de los recursos p\u00fablicos destinados a la atenci\u00f3n de la pandemia por Covid-19 en la entidad oaxaque\u00f1a.<\/p>\n\n\n\n<p>Lo anterior en virtud de la existencia de un mercado informal en redes sociales que de forma cotidiana oferta en grande cantidades art\u00edculos de protecci\u00f3n como son cubrebocas quir\u00fargicos y KN95, que pudieran ser de dudosa procedencia.<\/p>\n\n\n\n<p>Lo hizo en su calidad de integrante de la Comisi\u00f3n Permanente de Salud de la 64 Legislatura local, que se reuni\u00f3 el pasado 3 de septiembre con el titular de los Servicios de Salud, Donato Casas Escamilla.&nbsp;<\/p>\n\n\n\n<p>No es la primera vez que la transparencia del recurso p\u00fablico se hace presente en la agenda del legislador; desde hace algunas semanas ha presentado exhortos para evitar irregularidades en la asignaci\u00f3n de recursos p\u00fablicos en las dependencias de gobierno adscritas al sector de la infraestructura y obra p\u00fablica en la entidad.<\/p>\n\n\n\n<p>Al cierre de la reuni\u00f3n de la Comisi\u00f3n Permanente de Salud plante\u00f3 regularizar la atenci\u00f3n en los hospitales p\u00fablicos que se vieron obligados a parar el servicio diario por la contingencia sanitaria por Covid-19, lo anterior con la intenci\u00f3n de evitar una crisis generalizada en la salud de las y los oaxaque\u00f1os.\u00a0\u00a0<\/p>\n\n\n\n<figure class=\"wp-block-embed-twitter wp-block-embed is-type-rich is-provider-twitter\"><div class=\"wp-block-embed__wrapper\">\n<div class=\"twitter-tweet\"><blockquote class=\"twitter-tweet\" data-lang=\"es\"><p lang=\"es\" dir=\"ltr\">El <a href=\"https:\/\/twitter.com\/GobOax?ref_src=twsrc%5Etfw\">@GobOax<\/a> que encabeza el Gdor <a href=\"https:\/\/twitter.com\/alejandromurat?ref_src=twsrc%5Etfw\">@alejandromurat<\/a>, y el <a href=\"https:\/\/twitter.com\/CongresoOaxLXIV?ref_src=twsrc%5Etfw\">@CongresoOaxLXIV<\/a>, continuamos haciendo un frente com\u00fan contra el <a href=\"https:\/\/twitter.com\/hashtag\/COVID19?src=hash&amp;ref_src=twsrc%5Etfw\">#COVID19<\/a>, en Sesi\u00f3n Permanente de la Comisi\u00f3n de Salud acordamos unir esfuerzos para mejorar la atenci\u00f3n de la contingencia en <a href=\"https:\/\/twitter.com\/hashtag\/Oaxaca?src=hash&amp;ref_src=twsrc%5Etfw\">#Oaxaca<\/a>. <a href=\"https:\/\/t.co\/pjJSO6GDUT\">pic.twitter.com\/pjJSO6GDUT<\/a><\/p>&mdash; Donato Casas E. (@Donato_Casas) <a href=\"https:\/\/twitter.com\/Donato_Casas\/status\/1301336861269471237?ref_src=twsrc%5Etfw\">3 de septiembre de 2020<\/a><\/blockquote><\/div>\n<\/div><\/figure>\n\n\n\n<p>De acuerdo con Morales Ni\u00f1o, con el cambio del sem\u00e1foro epidemiol\u00f3gico de naranja a amarillo, se vuelve necesario retomar la atenci\u00f3n general a pacientes con todo tipo de enfermedades al interior de los 25 hospitales destinados a la atenci\u00f3n del nuevo coronavirus.<\/p>\n\n\n\n<p>Para lo anterior. ser\u00e1 necesario el regreso del personal m\u00e9dico que, desde hace m\u00e1s de cinco meses, se resguardo para evitar el contagio del Covid-19 debido a su edad o alg\u00fan padecimientos cr\u00f3nico-degenerativos, que lo puso en situaci\u00f3n de vulnerabilidad.&nbsp;<\/p>\n\n\n\n<p>\u201cRegresar a la atenci\u00f3n regular en los hospitales p\u00fablicos y la reintegraci\u00f3n de personal m\u00e9dico considerado vulnerable, propusimos al cerrar la sesi\u00f3n permanente de la Comisi\u00f3n Permanente de Salud de @CongresoOaxLXIV con los @SSO_GobOax seguimos pendientes de #pandemia #covid19\u201d, refiri\u00f3 en sus redes sociales.<\/p>\n\n\n\n<p>Expuso que el personal m\u00e9dico, de enfermer\u00eda y administrativo adscrito a los Servicios de Salud deber\u00e1 demostrar que realmente tienen algunos de los padecimientos por lo cual se apegaron al decreto presidencial para dejar de trabajar y mantenerse en confinamiento.<\/p>\n","protected":false},"excerpt":{"rendered":"<p>Evlin Arag\u00f3n\/Zona Roja. Oaxaca de Ju\u00e1rez, Oax., 8 de septiembre de 2020.- Con la finalidad&hellip;<\/p>\n","protected":false},"author":2,"featured_media":17340,"comment_status":"closed","ping_status":"open","sticky":false,"template":"","format":"standard","meta":{"_lmt_disableupdate":"","_lmt_disable":"","_jetpack_memberships_contains_paid_content":false,"footnotes":""},"categories":[109,46],"tags":[612],"class_list":["post-17339","post","type-post","status-publish","format-standard","has-post-thumbnail","hentry","category-minuto-a-minuto","category-zona-blanca","tag-cesar-morales-nino"],"jetpack_featured_media_url":"https:\/\/zonaroja.com.mx\/wp-content\/uploads\/2020\/09\/Diputados-y-titular-de-los-SSO.jpg","jetpack_sharing_enabled":true,"_links":{"self":[{"href":"https:\/\/zonaroja.com.mx\/index.php?rest_route=\/wp\/v2\/posts\/17339","targetHints":{"allow":["GET"]}}],"collection":[{"href":"https:\/\/zonaroja.com.mx\/index.php?rest_route=\/wp\/v2\/posts"}],"about":[{"href":"https:\/\/zonaroja.com.mx\/index.php?rest_route=\/wp\/v2\/types\/post"}],"author":[{"embeddable":true,"href":"https:\/\/zonaroja.com.mx\/index.php?rest_route=\/wp\/v2\/users\/2"}],"replies":[{"embeddable":true,"href":"https:\/\/zonaroja.com.mx\/index.php?rest_route=%2Fwp%2Fv2%2Fcomments&post=17339"}],"version-history":[{"count":1,"href":"https:\/\/zonaroja.com.mx\/index.php?rest_route=\/wp\/v2\/posts\/17339\/revisions"}],"predecessor-version":[{"id":17341,"href":"https:\/\/zonaroja.com.mx\/index.php?rest_route=\/wp\/v2\/posts\/17339\/revisions\/17341"}],"wp:featuredmedia":[{"embeddable":true,"href":"https:\/\/zonaroja.com.mx\/index.php?rest_route=\/wp\/v2\/media\/17340"}],"wp:attachment":[{"href":"https:\/\/zonaroja.com.mx\/index.php?rest_route=%2Fwp%2Fv2%2Fmedia&parent=17339"}],"wp:term":[{"taxonomy":"category","embeddable":true,"href":"https:\/\/zonaroja.com.mx\/index.php?rest_route=%2Fwp%2Fv2%2Fcategories&post=17339"},{"taxonomy":"post_tag","embeddable":true,"href":"https:\/\/zonaroja.com.mx\/index.php?rest_route=%2Fwp%2Fv2%2Ftags&post=17339"}],"curies":[{"name":"wp","href":"https:\/\/api.w.org\/{rel}","templated":true}]}}