{"id":17342,"date":"2020-09-08T09:48:01","date_gmt":"2020-09-08T14:48:01","guid":{"rendered":"http:\/\/www.zonaroja.com.mx\/?p=17342"},"modified":"2020-09-08T09:48:06","modified_gmt":"2020-09-08T14:48:06","slug":"ruhama-joven-docente-que-enfrenta-el-doble-reto-de-la-educacion-especial-en-pandemia","status":"publish","type":"post","link":"https:\/\/zonaroja.com.mx\/?p=17342","title":{"rendered":"Ruhama, joven docente que enfrenta el doble reto de la Educaci\u00f3n Especial en pandemia"},"content":{"rendered":"\n<p>Yuridiana Sosa\/Zona Roja.<\/p>\n\n\n\n<p>San Juan Bautista Tuxtepec, Oax., 6 de septiembre de 2020.- La educaci\u00f3n a distancia es el enorme reto que deben enfrentar los docentes de los Centros de Atenci\u00f3n M\u00faltiple (CAM) en Oaxaca.<\/p>\n\n\n\n<p>Pero con dedicaci\u00f3n, energ\u00eda, juventud y amor a su profesi\u00f3n la maestra Ruhama se siente preparada para la nueva misi\u00f3n.<\/p>\n\n\n\n<p>Con 26 a\u00f1os de edad, dos carreras profesionales, dos a\u00f1os de experiencia laboral, pero con toda una vida enrolada en la pedagog\u00eda especial, Ruhama Medina P\u00e9rez, docente en el CAM n\u00famero 37 de Mar\u00eda Lombardo de Caso, de San Juan Cotzoc\u00f3n Mixe, se ha convertido en un ejemplo de ense\u00f1anza.<\/p>\n\n\n\n<p>Su dedicaci\u00f3n qued\u00f3 demostrada recientemente a trav\u00e9s de un video compartido en Facebook en el perfil Educaci\u00f3n F\u00edsica Oaxaca, creado con el prop\u00f3sito de dar a conocer estrategias que en medio de la contingencia sanitaria por Covid 19 puedan ayudar a los ni\u00f1os, padres de familia y maestros.<\/p>\n\n\n\n<p>Con el cuento \u201cLa cebra Camila\u201d, narrado con la ayuda de la t\u00e9cnica did\u00e1ctica del franel\u00f3grafo, la joven maestra exhibe su dedicaci\u00f3n por la educaci\u00f3n.<\/p>\n\n\n\n<p>\u201cNosotros como maestros de educaci\u00f3n especial siempre estamos frente a retos, debemos de buscar eliminar o minimizar barreras que como sociedad hemos puesto para las personas con discapacidad\u201d, se\u00f1ala Medina P\u00e9rez en entrevista con ZONA ROJA.<\/p>\n\n\n\n<p>Por eso, afirma que en \u201cesta situaci\u00f3n de la pandemia, solo es un reto m\u00e1s. As\u00ed que tenemos que buscar las estrategias necesarias para construir el aprendizaje con los ni\u00f1os\u201d.<\/p>\n\n\n\n<figure class=\"wp-block-image size-large\"><img decoding=\"async\" width=\"768\" height=\"1024\" src=\"http:\/\/www.zonaroja.com.mx\/wp-content\/uploads\/2020\/09\/Maestra-Ruhama-2-768x1024.jpg\" alt=\"\" class=\"wp-image-17344\" srcset=\"https:\/\/zonaroja.com.mx\/wp-content\/uploads\/2020\/09\/Maestra-Ruhama-2-768x1024.jpg 768w, https:\/\/zonaroja.com.mx\/wp-content\/uploads\/2020\/09\/Maestra-Ruhama-2-225x300.jpg 225w, https:\/\/zonaroja.com.mx\/wp-content\/uploads\/2020\/09\/Maestra-Ruhama-2-585x780.jpg 585w, https:\/\/zonaroja.com.mx\/wp-content\/uploads\/2020\/09\/Maestra-Ruhama-2.jpg 960w\" sizes=\"(max-width: 768px) 100vw, 768px\" \/><\/figure>\n\n\n\n<p>PREPARACI\u00d3N<\/p>\n\n\n\n<p>Ruhama logr\u00f3 cursar al mismo tiempo las licenciaturas de Educaci\u00f3n Especial con \u00e1rea de formaci\u00f3n en auditiva y de lenguaje en la Escuela Normal de Educaci\u00f3n Especial (ENEE), en la capital oaxaque\u00f1a y Psicopedagog\u00eda en el sistema sabatino en una escuela particular en su ciudad natal de San Juan Bautista Tuxtepec.<\/p>\n\n\n\n<p>Su decisi\u00f3n de orientar su profesi\u00f3n a la educaci\u00f3n especial estuvo fuertemente influenciada por las experiencias de su ni\u00f1ez.<\/p>\n\n\n\n<p>Sus padres son maestros de educaci\u00f3n especial en el Centro de Atenci\u00f3n M\u00faltiple n\u00famero 03 de Tuxtepec, a donde cuando ni\u00f1a asist\u00eda y conviv\u00eda con el resto de los alumnos cada vez que no ten\u00eda clases; desde ese entonces se dio cuenta de la importancia de esa rama de la educaci\u00f3n.<\/p>\n\n\n\n<p>Actualmente es maestra de un grupo de preescolar de ni\u00f1os entre los tres y seis a\u00f1os de edad con discapacidad.<\/p>\n\n\n\n<p>NUEVOS RETOS<\/p>\n\n\n\n<p>La joven docente refiere que en el nuevo modelo de ense\u00f1anza a distancia se discrimin\u00f3 a la educaci\u00f3n especial. Para ella, las autoridades no le han otorgado el valor que merece esta educaci\u00f3n y el impacto que tiene en la vida de los ni\u00f1os, porque la atenci\u00f3n debe ser personalizada.<\/p>\n\n\n\n<p>Dice que en el CAM de Mar\u00eda Lombardo los docentes se organizan para hacer llegar el material de trabajo a los padres de familia, debido a que la mayor\u00eda de los alumnos son originarios de las comunidades m\u00e1s alejadas a la cabecera, donde no cuentan con se\u00f1al de tel\u00e9fono e incluso cuentan con problemas de energ\u00eda el\u00e9ctrica con fallas que permanecen por varios d\u00edas.<\/p>\n\n\n\n<p>\u201cVer las clases por televisi\u00f3n no es una opci\u00f3n. Adem\u00e1s, la mayor\u00eda compra fichas de internet o buscan se\u00f1al. Es de esa forma como logramos contactarlos\u201d, indica.<\/p>\n\n\n\n<figure class=\"wp-block-embed-twitter wp-block-embed is-type-rich is-provider-twitter\"><div class=\"wp-block-embed__wrapper\">\n<div class=\"twitter-tweet\"><blockquote class=\"twitter-tweet\" data-lang=\"es\"><p lang=\"es\" dir=\"ltr\"><a href=\"https:\/\/twitter.com\/hashtag\/HechoEnOaxaca?src=hash&amp;ref_src=twsrc%5Etfw\">#HechoEnOaxaca<\/a><br>\u201cHola, me llamo Ruhama y les voy a contar un cuento\u201d; la historia de una joven maestra de la Cuenca de Oaxaca que se las ingenia para atender a alumnos de educaci\u00f3n especial a distancia, en medio de la pandemia \ud83d\udc47<br>\ud83d\udc4f\ud83d\udc4f\ud83d\udc4f\ud83d\udc4f\ud83d\udc4f <a href=\"https:\/\/t.co\/TTHMtw4jp1\">pic.twitter.com\/TTHMtw4jp1<\/a><\/p>&mdash; Zona Roja Oaxaca (@MexRoja) <a href=\"https:\/\/twitter.com\/MexRoja\/status\/1303343883724582912?ref_src=twsrc%5Etfw\">8 de septiembre de 2020<\/a><\/blockquote><\/div>\n<\/div><\/figure>\n\n\n\n<p>Con entusiasmo, Medina P\u00e9rez comparti\u00f3 que trabaja en la planeaci\u00f3n de actividades para cada ni\u00f1o, as\u00ed como en material para orientar a los padres para la aplicaci\u00f3n o desarrollo de actividades; entre las estrategias se contempla, con la anuencia de los padres, entregarles cuadernillos de trabajo con actividades para las necesidades de cada ni\u00f1o.<\/p>\n\n\n\n<p>OTROS PROYECTOS<\/p>\n\n\n\n<p>La profesora tambi\u00e9n colabora en el proyecto denominado \u201cOAX MEX\u201d, que desarrolla con otros dos profesionales para ofrecer talleres a docentes, alumnos que estudian alg\u00fan \u00e1rea de la pedagog\u00eda, as\u00ed como compartir las diversas estrategias de trabajo para ni\u00f1os con o sin discapacidad.<\/p>\n\n\n\n<p>Ruhama no se limita en compartir sus conocimientos, por lo que comunic\u00f3 sus redes sociales, Facebook Ruhama Medina e Instagram @ruha.mp para las personas que necesitan apoyo para el trabajo con sus hijos en tiempos de pandemia.<\/p>\n\n\n\n<p>Aqu\u00ed:<\/p>\n\n\n\n<figure class=\"wp-block-embed-facebook wp-block-embed is-type-rich is-provider-facebook\"><div class=\"wp-block-embed__wrapper\">\n<div class=\"fb-post\" data-href=\"https:\/\/www.facebook.com\/111408013820886\/posts\/170555807906106\/?vh=e&#038;extid=tFzEFUcsxeu4lf72&#038;d=n\" data-width=\"552\" style=\"background-color: #fff; display: inline-block;\"><\/div>\n<\/div><\/figure>\n","protected":false},"excerpt":{"rendered":"<p>Yuridiana Sosa\/Zona Roja. San Juan Bautista Tuxtepec, Oax., 6 de septiembre de 2020.- La educaci\u00f3n&hellip;<\/p>\n","protected":false},"author":2,"featured_media":17343,"comment_status":"closed","ping_status":"open","sticky":false,"template":"","format":"standard","meta":{"_lmt_disableupdate":"","_lmt_disable":"","_jetpack_memberships_contains_paid_content":false,"footnotes":""},"categories":[109,46],"tags":[1997],"class_list":["post-17342","post","type-post","status-publish","format-standard","has-post-thumbnail","hentry","category-minuto-a-minuto","category-zona-blanca","tag-ruhama-medina-perez"],"jetpack_featured_media_url":"https:\/\/zonaroja.com.mx\/wp-content\/uploads\/2020\/09\/Maestra-Ruhama-1.jpg","jetpack_sharing_enabled":true,"_links":{"self":[{"href":"https:\/\/zonaroja.com.mx\/index.php?rest_route=\/wp\/v2\/posts\/17342","targetHints":{"allow":["GET"]}}],"collection":[{"href":"https:\/\/zonaroja.com.mx\/index.php?rest_route=\/wp\/v2\/posts"}],"about":[{"href":"https:\/\/zonaroja.com.mx\/index.php?rest_route=\/wp\/v2\/types\/post"}],"author":[{"embeddable":true,"href":"https:\/\/zonaroja.com.mx\/index.php?rest_route=\/wp\/v2\/users\/2"}],"replies":[{"embeddable":true,"href":"https:\/\/zonaroja.com.mx\/index.php?rest_route=%2Fwp%2Fv2%2Fcomments&post=17342"}],"version-history":[{"count":1,"href":"https:\/\/zonaroja.com.mx\/index.php?rest_route=\/wp\/v2\/posts\/17342\/revisions"}],"predecessor-version":[{"id":17345,"href":"https:\/\/zonaroja.com.mx\/index.php?rest_route=\/wp\/v2\/posts\/17342\/revisions\/17345"}],"wp:featuredmedia":[{"embeddable":true,"href":"https:\/\/zonaroja.com.mx\/index.php?rest_route=\/wp\/v2\/media\/17343"}],"wp:attachment":[{"href":"https:\/\/zonaroja.com.mx\/index.php?rest_route=%2Fwp%2Fv2%2Fmedia&parent=17342"}],"wp:term":[{"taxonomy":"category","embeddable":true,"href":"https:\/\/zonaroja.com.mx\/index.php?rest_route=%2Fwp%2Fv2%2Fcategories&post=17342"},{"taxonomy":"post_tag","embeddable":true,"href":"https:\/\/zonaroja.com.mx\/index.php?rest_route=%2Fwp%2Fv2%2Ftags&post=17342"}],"curies":[{"name":"wp","href":"https:\/\/api.w.org\/{rel}","templated":true}]}}