{"id":17346,"date":"2020-09-08T09:52:37","date_gmt":"2020-09-08T14:52:37","guid":{"rendered":"http:\/\/www.zonaroja.com.mx\/?p=17346"},"modified":"2020-09-08T09:52:41","modified_gmt":"2020-09-08T14:52:41","slug":"en-dos-anos-al-menos-ocho-ataques-armados-y-asesinatos-a-medicos-en-oaxaca","status":"publish","type":"post","link":"https:\/\/zonaroja.com.mx\/?p=17346","title":{"rendered":"En dos a\u00f1os, al menos ocho ataques armados y asesinatos a m\u00e9dicos en Oaxaca"},"content":{"rendered":"\n<p>Yuridiana Sosa\/Zona Roja.<\/p>\n\n\n\n<p>Oaxaca de Ju\u00e1rez, Oax., 8 de septiembre de 2020.- En el transcurso de poco m\u00e1s de dos a\u00f1os, la violencia en Oaxaca tambi\u00e9n ha alcanzado al gremio de los m\u00e9dicos, del que se han registrado asesinatos por ataques armados, desapariciones y asaltos.<\/p>\n\n\n\n<p>Entre abril de 2018 y lo que va del septiembre de 2020, ZONA ROJA contabiliz\u00f3 en un recuento hemerogr\u00e1fico, el homicidio doloso de siete m\u00e9dicos en distintas regiones de la entidad y un atentado contra una doctora.<\/p>\n\n\n\n<p>El caso m\u00e1s reciente se registr\u00f3 este 5 de septiembre tras el hallazgo del cuerpo sin vida del m\u00e9dico Jovani Ram\u00edrez Carbajal, reportado como desaparecido desde el pasado lunes al ser visto por \u00faltima vez afuera del Hospital Rural 35 del Instituto Mexicano del Seguro Social (IMSS) de Santiago Jamiltepec.<\/p>\n\n\n\n<p>La Unidad de B\u00fasqueda de Personas Desaparecidas y no Localizadas, de la Fiscal\u00eda General del Estado de Oaxaca, emiti\u00f3 la ficha de b\u00fasqueda para el m\u00e9dico de 33 a\u00f1os de edad, de quien a\u00fan se desconocen las causas de su homicidio.<\/p>\n\n\n\n<p>El pasado 2 de abril tambi\u00e9n se report\u00f3 el homicidio contra otro miembro galeno, quien fue v\u00edctima de un ataque con arma de fuego cuando se ubicaba en la calle de Zaragoza en la capital del estado.<\/p>\n\n\n\n<p>El profesional de la salud en el \u00e1rea de veterinaria muri\u00f3 cuando recib\u00eda atenci\u00f3n m\u00e9dica en el hospital civil \u201cDr. Aurelio Valdivieso\u201d.<\/p>\n\n\n\n<p>Otro hecho que marc\u00f3 al gremio m\u00e9dico fue el homicidio doloso de otro m\u00e9dico el pasado 19 de diciembre de 2019, sobre la calle Crespo en el Centro Hist\u00f3rico de la capital oaxaque\u00f1a, quien presuntamente se habr\u00eda resistido a un asalto mientras caminaba sobre esa vialidad.<\/p>\n\n\n\n<p>Durante ese a\u00f1o, cuando se han registrado la mayor cantidad de ataques contra los m\u00e9dicos, tambi\u00e9n ocurri\u00f3 el asesinato de un profesional de la salud en la regi\u00f3n del Istmo.&nbsp; El 1 de junio se dio a conocer el hallazgo de un m\u00e9dico que fue reportado como desaparecido a finales de mayo.<\/p>\n\n\n\n<p>El m\u00e9dico fue identificado como Miguel \u00c1ngel Mart\u00ednez Cruz, quien fue visto por \u00faltima vez en el puerto de Salina Cruz, en la regi\u00f3n del Istmo, pero su cuerpo se localiz\u00f3 en Santo Domingo Tehuantepec, con varios impactos de armas de fuego a un costado de su veh\u00edculo, el cual fue incendiado.<\/p>\n\n\n\n<p>Pero en mayo, tambi\u00e9n ocurri\u00f3 otro asesinato de un especialista de la salud, pero en la regi\u00f3n de la Cuenca.<\/p>\n\n\n\n<p>La v\u00edctima fue identificada como Jos\u00e9 Guadalupe Nolasco C\u00f3rdova, quien se desempe\u00f1aba como director de Salud del ayuntamiento de Loma Bonita y fue ultimado con disparos de armas de fuego al interior de un consultorio m\u00e9dico particular.<\/p>\n\n\n\n<p>En mayo de 2018 ocurri\u00f3 el asesinato de un m\u00e9dico cirujano de 67 a\u00f1os de edad en la capital oaxaque\u00f1a. La v\u00edctima fue identificada como Jorge Caballero Juli\u00e1n, quien fue acribillado afuera de su domicilio particular, en la colonia Ex Hacienda de Candiani.<\/p>\n\n\n\n<p>Semanas antes, el 13 de abril de 2018, el m\u00e9dico cirujano Oscar Fabi\u00e1n Reyes fue atacado a balazos al interior del Centro Especializado de Diagn\u00f3stico de Ultrasonido en Miahuatl\u00e1n de Porfirio D\u00edaz.<\/p>\n\n\n\n<p>TAMBI\u00c9N AGRESIONES<\/p>\n\n\n\n<p>Por otra parte, el pasado 1 septiembre de este 2020 una doctora en el municipio de Putla Villa de Guerrero, en la Sierra Sur, sufri\u00f3 de un ataque armado al interior de su centro de trabajo en el Sanatorio \u201cLos \u00c1ngeles\u201d.<\/p>\n\n\n\n<p>La m\u00e9dica fue identificada como Isabel R. V. de 42 a\u00f1os de edad, quien fue trasladada al Hospital General de Putla para su debida atenci\u00f3n por las diversas heridas de bala que recibi\u00f3.<\/p>\n\n\n\n<p>En abril de 2018 se dio a conocer de forma p\u00fablica la muerte del menor de edad Edwuard, de tres a\u00f1os, presuntamente por negligencia m\u00e9dica. Lo que registr\u00f3 un conflicto entre el gremio m\u00e9dico y la Fiscal\u00eda General de Oaxaca.<\/p>\n\n\n\n<p>Por el caso donde el ni\u00f1o perdi\u00f3 la vida durante una cirug\u00eda por fractura de un brazo, el m\u00e9dico Traumat\u00f3logo Luis Alberto P\u00e9rez M\u00e9ndez fue detenido como presunto responsable, pero obtuvo su libertad al conseguir la reclasificaci\u00f3n del delito de homicidio doloso por el que fue acusado.<\/p>\n\n\n\n<p>La defensa legal del m\u00e9dico inform\u00f3 que P\u00e9rez M\u00e9ndez llevar\u00eda su proceso en libertad, adem\u00e1s dijo que las autoridades de procuraci\u00f3n de justicia violaron el debido proceso porque la figura de dolo eventual por la que se le consign\u00f3 ya no est\u00e1 vigente en el C\u00f3digo Penal de Oaxaca desde hac\u00eda tres a\u00f1os.<\/p>\n\n\n\n<p>El caso ocasion\u00f3 la polarizaci\u00f3n de la sociedad y una f\u00e9rrea defensa del sector m\u00e9dico a su compa\u00f1ero, quienes exigieron la no criminalizaci\u00f3n de su profesi\u00f3n.<\/p>\n","protected":false},"excerpt":{"rendered":"<p>Yuridiana Sosa\/Zona Roja. Oaxaca de Ju\u00e1rez, Oax., 8 de septiembre de 2020.- En el transcurso&hellip;<\/p>\n","protected":false},"author":2,"featured_media":17347,"comment_status":"closed","ping_status":"open","sticky":false,"template":"","format":"standard","meta":{"_lmt_disableupdate":"","_lmt_disable":"","_jetpack_memberships_contains_paid_content":false,"footnotes":""},"categories":[109,51],"tags":[1998],"class_list":["post-17346","post","type-post","status-publish","format-standard","has-post-thumbnail","hentry","category-minuto-a-minuto","category-zona-roja","tag-medicos-asesinados-en-oaxaca"],"jetpack_featured_media_url":"https:\/\/zonaroja.com.mx\/wp-content\/uploads\/2020\/09\/Jovani-Ramirez-Carbajal-1.jpg","jetpack_sharing_enabled":true,"_links":{"self":[{"href":"https:\/\/zonaroja.com.mx\/index.php?rest_route=\/wp\/v2\/posts\/17346","targetHints":{"allow":["GET"]}}],"collection":[{"href":"https:\/\/zonaroja.com.mx\/index.php?rest_route=\/wp\/v2\/posts"}],"about":[{"href":"https:\/\/zonaroja.com.mx\/index.php?rest_route=\/wp\/v2\/types\/post"}],"author":[{"embeddable":true,"href":"https:\/\/zonaroja.com.mx\/index.php?rest_route=\/wp\/v2\/users\/2"}],"replies":[{"embeddable":true,"href":"https:\/\/zonaroja.com.mx\/index.php?rest_route=%2Fwp%2Fv2%2Fcomments&post=17346"}],"version-history":[{"count":1,"href":"https:\/\/zonaroja.com.mx\/index.php?rest_route=\/wp\/v2\/posts\/17346\/revisions"}],"predecessor-version":[{"id":17348,"href":"https:\/\/zonaroja.com.mx\/index.php?rest_route=\/wp\/v2\/posts\/17346\/revisions\/17348"}],"wp:featuredmedia":[{"embeddable":true,"href":"https:\/\/zonaroja.com.mx\/index.php?rest_route=\/wp\/v2\/media\/17347"}],"wp:attachment":[{"href":"https:\/\/zonaroja.com.mx\/index.php?rest_route=%2Fwp%2Fv2%2Fmedia&parent=17346"}],"wp:term":[{"taxonomy":"category","embeddable":true,"href":"https:\/\/zonaroja.com.mx\/index.php?rest_route=%2Fwp%2Fv2%2Fcategories&post=17346"},{"taxonomy":"post_tag","embeddable":true,"href":"https:\/\/zonaroja.com.mx\/index.php?rest_route=%2Fwp%2Fv2%2Ftags&post=17346"}],"curies":[{"name":"wp","href":"https:\/\/api.w.org\/{rel}","templated":true}]}}