{"id":17370,"date":"2020-09-09T10:00:20","date_gmt":"2020-09-09T15:00:20","guid":{"rendered":"http:\/\/www.zonaroja.com.mx\/?p=17370"},"modified":"2020-09-08T21:41:11","modified_gmt":"2020-09-09T02:41:11","slug":"alerta-consocio-oaxaca-a-la-onu-sobre-violencia-de-genero-durante-pandemia","status":"publish","type":"post","link":"https:\/\/zonaroja.com.mx\/?p=17370","title":{"rendered":"Alerta Consocio Oaxaca a la ONU sobre violencia de g\u00e9nero durante pandemia"},"content":{"rendered":"\n<p>Yuridiana Sosa\/Zona Roja.<\/p>\n\n\n\n<p>Oaxaca de Ju\u00e1rez, Oax., 8 de septiembre de 2020.- Ante el incremento sin freno de la violencia por raz\u00f3n de g\u00e9nero en la entidad, la asociaci\u00f3n civil Consorcio para el Di\u00e1logo Parlamentario y Equidad Oaxaca envi\u00f3 un informe a la Relatora Especial de la ONU sobre la Violencia contra la Mujer, para alertar sobre este problema.<\/p>\n\n\n\n<p>La asociaci\u00f3n defensora de los derechos de las mujeres notific\u00f3 sobre el incremento de las agresiones a las oaxaque\u00f1as durante la contingencia por Covid-19, periodo en el que han notado una deficiente respuesta y atenci\u00f3n por parte del gobierno estatal.<\/p>\n\n\n\n<p>Consorcio Oaxaca envi\u00f3 a Naciones Unidas el informe especial: \u201cViolencia feminicida: La pandemia ignorada. Situaci\u00f3n de las mujeres en Oaxaca en el contexto de Covid-19\u201d, con el fin que la Relatora presente conclusiones y recomendaciones de su an\u00e1lisis sobre el Covid-19 y la violencia dom\u00e9stica ante el Consejo de Derechos Humanos de las Naciones Unidas durante la sesi\u00f3n que se desarrollar\u00e1 entre el 14 de septiembre y 6 de octubre 2020.<\/p>\n\n\n\n<p>De acuerdo con el an\u00e1lisis de Consorcio, las atenciones telef\u00f3nicas que han proporcionado a mujeres en situaci\u00f3n de violencia durante el primer trimestre del confinamiento por Covid-19, demuestran que la violencia familiar se increment\u00f3, al igual que el n\u00famero de desaparici\u00f3n de ni\u00f1as, adolescentes y mujeres en edad adulta.<\/p>\n\n\n\n<p>Antes de la contingencia por Covid-19, declarada en marzo, registraron 12 denuncias, mientras que durante los tres primeros meses de contingencia la cifra fue de 17; en el caso de desaparici\u00f3n el repunt\u00f3 fue mayor, pas\u00f3 de 53 a 79 casos.<\/p>\n\n\n\n<p>En el informe tambi\u00e9n destac\u00f3 el registro continuo de feminicidios y violencia sexual, que pesar de presentar un decremento en la pandemia no dejan de ser preocupantes.<\/p>\n\n\n\n<p>La organizaci\u00f3n puntualiz\u00f3 que la violencia contra las mujeres en Oaxaca es m\u00e1s preocupante cuando se tiene en cuenta la falta de emisi\u00f3n diligente y eficaz de \u00f3rdenes de protecci\u00f3n por parte de la Fiscal\u00eda General del Estado, las cuales son negadas en la mayor\u00eda de los casos y las dictadas no garantizan una protecci\u00f3n real.<\/p>\n","protected":false},"excerpt":{"rendered":"<p>Yuridiana Sosa\/Zona Roja. Oaxaca de Ju\u00e1rez, Oax., 8 de septiembre de 2020.- Ante el incremento&hellip;<\/p>\n","protected":false},"author":2,"featured_media":17371,"comment_status":"closed","ping_status":"open","sticky":false,"template":"","format":"standard","meta":{"_lmt_disableupdate":"","_lmt_disable":"","_jetpack_memberships_contains_paid_content":false,"footnotes":""},"categories":[109,47],"tags":[1093,461],"class_list":["post-17370","post","type-post","status-publish","format-standard","has-post-thumbnail","hentry","category-minuto-a-minuto","category-zona-gris","tag-consorcio-para-el-dialogo-oaxaca","tag-violencia-feminicida-oaxaca"],"jetpack_featured_media_url":"https:\/\/zonaroja.com.mx\/wp-content\/uploads\/2020\/09\/Violencia-mujeres-3.jpg","jetpack_sharing_enabled":true,"_links":{"self":[{"href":"https:\/\/zonaroja.com.mx\/index.php?rest_route=\/wp\/v2\/posts\/17370","targetHints":{"allow":["GET"]}}],"collection":[{"href":"https:\/\/zonaroja.com.mx\/index.php?rest_route=\/wp\/v2\/posts"}],"about":[{"href":"https:\/\/zonaroja.com.mx\/index.php?rest_route=\/wp\/v2\/types\/post"}],"author":[{"embeddable":true,"href":"https:\/\/zonaroja.com.mx\/index.php?rest_route=\/wp\/v2\/users\/2"}],"replies":[{"embeddable":true,"href":"https:\/\/zonaroja.com.mx\/index.php?rest_route=%2Fwp%2Fv2%2Fcomments&post=17370"}],"version-history":[{"count":1,"href":"https:\/\/zonaroja.com.mx\/index.php?rest_route=\/wp\/v2\/posts\/17370\/revisions"}],"predecessor-version":[{"id":17372,"href":"https:\/\/zonaroja.com.mx\/index.php?rest_route=\/wp\/v2\/posts\/17370\/revisions\/17372"}],"wp:featuredmedia":[{"embeddable":true,"href":"https:\/\/zonaroja.com.mx\/index.php?rest_route=\/wp\/v2\/media\/17371"}],"wp:attachment":[{"href":"https:\/\/zonaroja.com.mx\/index.php?rest_route=%2Fwp%2Fv2%2Fmedia&parent=17370"}],"wp:term":[{"taxonomy":"category","embeddable":true,"href":"https:\/\/zonaroja.com.mx\/index.php?rest_route=%2Fwp%2Fv2%2Fcategories&post=17370"},{"taxonomy":"post_tag","embeddable":true,"href":"https:\/\/zonaroja.com.mx\/index.php?rest_route=%2Fwp%2Fv2%2Ftags&post=17370"}],"curies":[{"name":"wp","href":"https:\/\/api.w.org\/{rel}","templated":true}]}}