{"id":17373,"date":"2020-09-08T21:50:44","date_gmt":"2020-09-09T02:50:44","guid":{"rendered":"http:\/\/www.zonaroja.com.mx\/?p=17373"},"modified":"2020-09-08T21:50:52","modified_gmt":"2020-09-09T02:50:52","slug":"aumenta-desaprobacion-de-gobierno-de-oaxaca-a-59-6-ranking-mitofsky","status":"publish","type":"post","link":"https:\/\/zonaroja.com.mx\/?p=17373","title":{"rendered":"Aumenta desaprobaci\u00f3n de gobierno de Oaxaca a 59.6%: Ranking Mitofsky"},"content":{"rendered":"\n<p>Yuridiana Sosa\/Zona Roja.<\/p>\n\n\n\n<p>Oaxaca de Ju\u00e1rez, Oax., 8 de septiembre de 2020.- El gobernador de Oaxaca, Alejandro Murat Hinojosa, cay\u00f3 en agosto en el ranking de aprobaci\u00f3n sobre su desempe\u00f1o, en comparaci\u00f3n al mes anterior, de acuerdo con los resultados emitidos esta semana por la encuestadora nacional Mitofsky.<\/p>\n\n\n\n<p>Las estad\u00edsticas de Ranking Mitofsky revelaron que el 59. 6 por ciento de los oaxaque\u00f1os desaprueba el trabajo que realiza el mandatario estatal, quien se coloc\u00f3 en la posici\u00f3n n\u00famero 24 con el 39.2 por ciento de simpat\u00eda, 1.2 por ciento no sabe; mientras que en julio logr\u00f3 alcanzar la aprobaci\u00f3n del 40.9 por ciento.<\/p>\n\n\n\n<p>Durante los seis meses de la pandemia por Covid-19 el jefe del Ejecutivo en Oaxaca ha presentado bajas en el nivel de aprobaci\u00f3n, que oscilaron entre el lugar 24 en marzo, 25 en abril y mayo; 23 en junio y 21 en julio, de acuerdo a los par\u00e1metros de la encuesta global.<\/p>\n\n\n\n<p>Resultados del mes anterior dieron cuenta que el 57.9 por ciento de la poblaci\u00f3n oaxaque\u00f1a encuestada estuvo en desacuerdo con la forma de gobernar de Murat Hinojosa, sin embargo, ese resultado fue el mejor que la logrado en el \u00faltimo a\u00f1o.<\/p>\n\n\n\n<p>En agosto de 2019, Alejandro Murat obtuvo el 29 por ciento de la aprobaci\u00f3n a su gobierno, es decir, en un a\u00f1o ha logrado progresar.<\/p>\n\n\n\n<p>A nivel nacional, la encuesta con resultados a agosto de 2020 el gobernador de Yucat\u00e1n, Mauricio Vila, encabeza la lista con la aprobaci\u00f3n m\u00e1s sobresaliente con 69.5 por ciento, seguido por Quirino Ordaz de Sinaloa con 67.7 por ciento y Claudia Sheinbaum de la Ciudad de M\u00e9xico con el 61.1 por ciento y con el nivel m\u00e1s bajo se posicion\u00f3 Cuauht\u00e9moc Blanco de Morelos, con el 15.3 por ciento de aprobaci\u00f3n.<\/p>\n","protected":false},"excerpt":{"rendered":"<p>Yuridiana Sosa\/Zona Roja. Oaxaca de Ju\u00e1rez, Oax., 8 de septiembre de 2020.- El gobernador de&hellip;<\/p>\n","protected":false},"author":2,"featured_media":17374,"comment_status":"closed","ping_status":"open","sticky":false,"template":"","format":"standard","meta":{"_lmt_disableupdate":"","_lmt_disable":"","_jetpack_memberships_contains_paid_content":false,"footnotes":""},"categories":[109,47],"tags":[173,1908],"class_list":["post-17373","post","type-post","status-publish","format-standard","has-post-thumbnail","hentry","category-minuto-a-minuto","category-zona-gris","tag-alejandro-murat-hinojosa","tag-consulta-mitofsky"],"jetpack_featured_media_url":"https:\/\/zonaroja.com.mx\/wp-content\/uploads\/2020\/09\/Encuesta-Mitofsky-Murat.jpg","jetpack_sharing_enabled":true,"_links":{"self":[{"href":"https:\/\/zonaroja.com.mx\/index.php?rest_route=\/wp\/v2\/posts\/17373","targetHints":{"allow":["GET"]}}],"collection":[{"href":"https:\/\/zonaroja.com.mx\/index.php?rest_route=\/wp\/v2\/posts"}],"about":[{"href":"https:\/\/zonaroja.com.mx\/index.php?rest_route=\/wp\/v2\/types\/post"}],"author":[{"embeddable":true,"href":"https:\/\/zonaroja.com.mx\/index.php?rest_route=\/wp\/v2\/users\/2"}],"replies":[{"embeddable":true,"href":"https:\/\/zonaroja.com.mx\/index.php?rest_route=%2Fwp%2Fv2%2Fcomments&post=17373"}],"version-history":[{"count":1,"href":"https:\/\/zonaroja.com.mx\/index.php?rest_route=\/wp\/v2\/posts\/17373\/revisions"}],"predecessor-version":[{"id":17375,"href":"https:\/\/zonaroja.com.mx\/index.php?rest_route=\/wp\/v2\/posts\/17373\/revisions\/17375"}],"wp:featuredmedia":[{"embeddable":true,"href":"https:\/\/zonaroja.com.mx\/index.php?rest_route=\/wp\/v2\/media\/17374"}],"wp:attachment":[{"href":"https:\/\/zonaroja.com.mx\/index.php?rest_route=%2Fwp%2Fv2%2Fmedia&parent=17373"}],"wp:term":[{"taxonomy":"category","embeddable":true,"href":"https:\/\/zonaroja.com.mx\/index.php?rest_route=%2Fwp%2Fv2%2Fcategories&post=17373"},{"taxonomy":"post_tag","embeddable":true,"href":"https:\/\/zonaroja.com.mx\/index.php?rest_route=%2Fwp%2Fv2%2Ftags&post=17373"}],"curies":[{"name":"wp","href":"https:\/\/api.w.org\/{rel}","templated":true}]}}