{"id":17386,"date":"2020-09-09T08:07:02","date_gmt":"2020-09-09T13:07:02","guid":{"rendered":"http:\/\/www.zonaroja.com.mx\/?p=17386"},"modified":"2020-09-09T08:07:06","modified_gmt":"2020-09-09T13:07:06","slug":"mas-talento-oaxaqueno-nina-gana-concurso-internacional-de-pintura","status":"publish","type":"post","link":"https:\/\/zonaroja.com.mx\/?p=17386","title":{"rendered":"M\u00e1s talento oaxaque\u00f1o: ni\u00f1a gana concurso internacional de pintura"},"content":{"rendered":"\n<p>Evlin Arag\u00f3n\/Zona Roja.<\/p>\n\n\n\n<p>Oaxaca de Ju\u00e1rez, Oax., 9 de septiembre de 2020.- A sus nueve a\u00f1os de edad, Itayetzi Kaori G\u00f3mez Hern\u00e1ndez se convirti\u00f3 en la ganadora del primer lugar en el Concurso de Pintura \u00abPolinizadores de Esperanza\u00bb del Campamento Internacional de Verano \u201cCamp Tama Virtual 2020\u201d, que se llev\u00f3 a cabo en Tamazul\u00e1pan Villa del Progreso.<\/p>\n\n\n\n<p>Originaria de Santa Mar\u00eda Huatulco, Itayetzi Kaori ha hecho de la pintura una forma de expresi\u00f3n y ha demostrado que tiene talento para forjar un camino en la pl\u00e1stica oaxaque\u00f1a en caso de as\u00ed decidirlo con los a\u00f1os, toda vez que supero el reto de replicar el cuadro del pintor chocholteco Carlos Baz\u00e1n.&nbsp;<\/p>\n\n\n\n<p>A pesar de ser el primer concurso en el que decide participar, la peque\u00f1a destac\u00f3 de entre m\u00e1s de 80 participantes de otras partes de la Rep\u00fablica y algunos otros pa\u00edses, al hacer una r\u00e9plica de la obra con una t\u00e9cnica detallada y digna del primer lugar.&nbsp;<\/p>\n\n\n\n<p>Aunque no se hab\u00eda animado a participar en alg\u00fan tipo de actividad para mostrar su talento, Kaori no es ninguna improvisada ya que desde los 4 a\u00f1os comenz\u00f3 a mostrar inter\u00e9s en la pintura, el cual fue impulsado y respaldado por su padre N\u00e9stor Augusto Soto, quien es artista pl\u00e1stico.&nbsp;<\/p>\n\n\n\n<p>Debido a su entusiasmo por la pintura ha recibido clases en la agencia municipal de Santa Rosa, en la ciudad de Oaxaca de Ju\u00e1rez, y cinco a\u00f1os despu\u00e9s ha puesto el nombre de Oaxaca en alto y se ha convertido en la ganadora de un concurso de pintura a nivel internacional.&nbsp;<\/p>\n\n\n\n<p>No se trata de la \u00fanica oaxaque\u00f1a talentosa ya que el segundo y tercer lugar tambi\u00e9n se qued\u00f3 en la entidad, en manos de Francisco Santiago Hern\u00e1ndez de nueve a\u00f1os de edad y originario del municipio de Teotongo; y Jocelyn S\u00e1nchez Pineda de ocho a\u00f1os de edad y originaria de El Jicaral, Coicoy\u00e1n de las Flores.<\/p>\n\n\n\n<p>Fue el Centro Cultural \u201cCasa del Sol Tamazul\u00e1pam\u201d y la Casa de la Cultura Chocho-Mixteca quienes lanzaron la convocatoria del concurso de pintura que se gener\u00f3 al interior del campamento que se realiza desde el 2018 y que este a\u00f1o se traslad\u00f3 al mundo virtual, debido a la pandemia por Covid-19.<\/p>\n\n\n\n<p>En el campamento participan instructores de Italia, Cuba, Alemania, Francia, Canad\u00e1, Estados Unidos, as\u00ed como de otros estados de la Rep\u00fablica, quienes acuden a maravillarse con los atractivos del municipio de Tamazulap\u00e1n, perteneciente a la regi\u00f3n de la Mixteca.<\/p>\n\n\n\n<p>Fue el pasado martes 1 de septiembre que el jurado calificador delibero y determin\u00f3 que los premios del primer, segundo y tercer lugar se quedar\u00edan en Oaxaca debido al talento de las ni\u00f1as y los ni\u00f1os, pese a que hubo participantes de otras partes del mundo.&nbsp;<\/p>\n\n\n\n<p>Debido a la calidad de los trabajos presentados, la Casa de la Cultura Chocho-Mixteca valora la realizaci\u00f3n de una exposici\u00f3n a fin de mostrar el talento de la ni\u00f1ez.&nbsp;<\/p>\n","protected":false},"excerpt":{"rendered":"<p>Evlin Arag\u00f3n\/Zona Roja. Oaxaca de Ju\u00e1rez, Oax., 9 de septiembre de 2020.- A sus nueve&hellip;<\/p>\n","protected":false},"author":2,"featured_media":17387,"comment_status":"closed","ping_status":"open","sticky":false,"template":"","format":"standard","meta":{"_lmt_disableupdate":"","_lmt_disable":"","_jetpack_memberships_contains_paid_content":false,"footnotes":""},"categories":[109,46],"tags":[2002],"class_list":["post-17386","post","type-post","status-publish","format-standard","has-post-thumbnail","hentry","category-minuto-a-minuto","category-zona-blanca","tag-itayetzi-kaori-gomez-hernandez"],"jetpack_featured_media_url":"https:\/\/zonaroja.com.mx\/wp-content\/uploads\/2020\/09\/Nina-concurso-pintura.jpeg","jetpack_sharing_enabled":true,"_links":{"self":[{"href":"https:\/\/zonaroja.com.mx\/index.php?rest_route=\/wp\/v2\/posts\/17386","targetHints":{"allow":["GET"]}}],"collection":[{"href":"https:\/\/zonaroja.com.mx\/index.php?rest_route=\/wp\/v2\/posts"}],"about":[{"href":"https:\/\/zonaroja.com.mx\/index.php?rest_route=\/wp\/v2\/types\/post"}],"author":[{"embeddable":true,"href":"https:\/\/zonaroja.com.mx\/index.php?rest_route=\/wp\/v2\/users\/2"}],"replies":[{"embeddable":true,"href":"https:\/\/zonaroja.com.mx\/index.php?rest_route=%2Fwp%2Fv2%2Fcomments&post=17386"}],"version-history":[{"count":1,"href":"https:\/\/zonaroja.com.mx\/index.php?rest_route=\/wp\/v2\/posts\/17386\/revisions"}],"predecessor-version":[{"id":17388,"href":"https:\/\/zonaroja.com.mx\/index.php?rest_route=\/wp\/v2\/posts\/17386\/revisions\/17388"}],"wp:featuredmedia":[{"embeddable":true,"href":"https:\/\/zonaroja.com.mx\/index.php?rest_route=\/wp\/v2\/media\/17387"}],"wp:attachment":[{"href":"https:\/\/zonaroja.com.mx\/index.php?rest_route=%2Fwp%2Fv2%2Fmedia&parent=17386"}],"wp:term":[{"taxonomy":"category","embeddable":true,"href":"https:\/\/zonaroja.com.mx\/index.php?rest_route=%2Fwp%2Fv2%2Fcategories&post=17386"},{"taxonomy":"post_tag","embeddable":true,"href":"https:\/\/zonaroja.com.mx\/index.php?rest_route=%2Fwp%2Fv2%2Ftags&post=17386"}],"curies":[{"name":"wp","href":"https:\/\/api.w.org\/{rel}","templated":true}]}}