{"id":17394,"date":"2020-09-09T14:45:27","date_gmt":"2020-09-09T19:45:27","guid":{"rendered":"https:\/\/www.zonaroja.com.mx\/?p=17394"},"modified":"2020-09-09T14:47:03","modified_gmt":"2020-09-09T19:47:03","slug":"17394","status":"publish","type":"post","link":"https:\/\/zonaroja.com.mx\/?p=17394","title":{"rendered":"Ante secuestro por 16 d\u00edas, habitantes de la cabecera de Chimalapa prev\u00e9n retiro de bloqueo"},"content":{"rendered":"\n<p class=\"MsoNormal\">Yuridiana Sosa\/Zona Roja. <\/p>\n\n\n\n<p class=\"MsoNormal\">Oaxaca de Ju\u00e1rez, Oax., 9 de septiembre de 2020.- A 16 d\u00edas de bloqueo por habitantes de agencias del municipio de San Miguel Chimalapa, en el acceso a la carretera federal, pobladores de la cabecera municipal comenzaron a organizarse para liberar el paso, pues el alimento y productos de necesidades b\u00e1sicas escasean. <\/p>\n\n\n\n<p class=\"MsoNormal\">Los ind\u00edgenas zoques deben caminar al menos unos nueve kil\u00f3metros para liberar el bloqueo, que iniciaron vecinos de la poblaci\u00f3n de Vista Hermosa y al que se sumaron con el paso de los d\u00edas las comunidades de Cieneguilla, para exigir recursos del Fondo III Ramo 33.<\/p>\n\n\n\n<p class=\"MsoNormal\">En el centro de San Miguel Chimalapa reportan escasez de alimentos como huevo, tortillas en m\u00e1quina y hasta papel higi\u00e9nico, entre otros productos, por lo que algunos grupos de habitantes manifestaron la intenci\u00f3n de retirar por propia mano la manifestaci\u00f3n.<\/p>\n\n\n\n<p class=\"MsoNormal\">El pasado 29 de agosto, los afectados con el bloqueo \u201ctomaron\u201d el palacio municipal de San Miguel Chimalapa para exigir al presidente Francisco S\u00e1nchez Guti\u00e9rrez que atienda y resuelva el problema, as\u00ed como al Gobierno del Estado su intervenci\u00f3n para la inmediata resoluci\u00f3n del conflicto. <\/p>\n\n\n\n<p class=\"MsoNormal\">Los pobladores de la cabecera municipal, quienes se sienten secuestrados por sus propios vecinos, responsabilizan a las autoridades estatales y municipales de cualquier incidente que se pudiera registrar durante el retiro del bloqueo, pues se sienten enardecidos por la situaci\u00f3n. <\/p>\n\n\n\n<p>Hasta el momento la Secretar\u00eda General de Gobierno no ha informado si mantiene di\u00e1logo con las partes involucradas, a fin de evitar mayor violencia. <\/p>\n","protected":false},"excerpt":{"rendered":"<p>Yuridiana Sosa\/Zona Roja. Oaxaca de Ju\u00e1rez, Oax., 9 de septiembre de 2020.- A 16 d\u00edas&hellip;<\/p>\n","protected":false},"author":2,"featured_media":17393,"comment_status":"closed","ping_status":"open","sticky":false,"template":"","format":"standard","meta":{"_lmt_disableupdate":"","_lmt_disable":"","_jetpack_memberships_contains_paid_content":false,"footnotes":""},"categories":[109,47],"tags":[967],"class_list":["post-17394","post","type-post","status-publish","format-standard","has-post-thumbnail","hentry","category-minuto-a-minuto","category-zona-gris","tag-san-miguel-chimalapa"],"jetpack_featured_media_url":"https:\/\/zonaroja.com.mx\/wp-content\/uploads\/2020\/09\/ceb83639-d7d1-488d-9c33-167640e5278e.jpg","jetpack_sharing_enabled":true,"_links":{"self":[{"href":"https:\/\/zonaroja.com.mx\/index.php?rest_route=\/wp\/v2\/posts\/17394","targetHints":{"allow":["GET"]}}],"collection":[{"href":"https:\/\/zonaroja.com.mx\/index.php?rest_route=\/wp\/v2\/posts"}],"about":[{"href":"https:\/\/zonaroja.com.mx\/index.php?rest_route=\/wp\/v2\/types\/post"}],"author":[{"embeddable":true,"href":"https:\/\/zonaroja.com.mx\/index.php?rest_route=\/wp\/v2\/users\/2"}],"replies":[{"embeddable":true,"href":"https:\/\/zonaroja.com.mx\/index.php?rest_route=%2Fwp%2Fv2%2Fcomments&post=17394"}],"version-history":[{"count":2,"href":"https:\/\/zonaroja.com.mx\/index.php?rest_route=\/wp\/v2\/posts\/17394\/revisions"}],"predecessor-version":[{"id":17396,"href":"https:\/\/zonaroja.com.mx\/index.php?rest_route=\/wp\/v2\/posts\/17394\/revisions\/17396"}],"wp:featuredmedia":[{"embeddable":true,"href":"https:\/\/zonaroja.com.mx\/index.php?rest_route=\/wp\/v2\/media\/17393"}],"wp:attachment":[{"href":"https:\/\/zonaroja.com.mx\/index.php?rest_route=%2Fwp%2Fv2%2Fmedia&parent=17394"}],"wp:term":[{"taxonomy":"category","embeddable":true,"href":"https:\/\/zonaroja.com.mx\/index.php?rest_route=%2Fwp%2Fv2%2Fcategories&post=17394"},{"taxonomy":"post_tag","embeddable":true,"href":"https:\/\/zonaroja.com.mx\/index.php?rest_route=%2Fwp%2Fv2%2Ftags&post=17394"}],"curies":[{"name":"wp","href":"https:\/\/api.w.org\/{rel}","templated":true}]}}