{"id":17402,"date":"2020-09-09T16:52:35","date_gmt":"2020-09-09T21:52:35","guid":{"rendered":"http:\/\/www.zonaroja.com.mx\/?p=17402"},"modified":"2020-09-09T16:52:39","modified_gmt":"2020-09-09T21:52:39","slug":"denuncia-maria-elena-nulos-avances-de-la-fiscalia-en-indagatorias-sobre-agresion","status":"publish","type":"post","link":"https:\/\/zonaroja.com.mx\/?p=17402","title":{"rendered":"Denuncia Mar\u00eda Elena nulos avances de la Fiscal\u00eda en indagatorias sobre agresi\u00f3n"},"content":{"rendered":"\n<p>Evlin Arag\u00f3n\/Zona Roja.<\/p>\n\n\n\n<p>Oaxaca de Ju\u00e1rez, Oax., 9 de septiembre de 2020.- \u201cMi caso ya no es prioridad para la Fiscal\u00eda de Oaxaca\u201d fueron las palabras de Mar\u00eda Elena R\u00edos Ortiz, a un a\u00f1o de la agresi\u00f3n con \u00e1cido sulf\u00farico de la que fue v\u00edctima y por la cual cuatro personas fueron vinculadas a proceso y una m\u00e1s se encuentra pr\u00f3fuga de la justicia.&nbsp;<\/p>\n\n\n\n<p>Pese a que hace unos meses el tema cobr\u00f3 relevancia nacional, obligando a responder a las autoridades de la Fiscal\u00eda General de Justicia de Oaxaca, encabezadas por Rub\u00e9n Vasconcelos M\u00e9ndez, debido a la presi\u00f3n ejercida, hoy a un a\u00f1o de los hechos no hay ning\u00fan tipo de avance, ni siquiera alg\u00fan tipo informaci\u00f3n<\/p>\n\n\n\n<p>\u201cNo hay nada, no existe informaci\u00f3n, lamentablemente s\u00f3lo cuando existe la presi\u00f3n medi\u00e1tica la Fiscal\u00eda de Oaxaca se arrima a decir aqu\u00ed estamos contigo, pero cuando la presi\u00f3n desafortunadamente se va porque existen muchas agresiones por atender, se esfuman, no existen.<\/p>\n\n\n\n<p>\u201cAunque los busques no te contestan ni un mensaje y no se toman la molestia de atender la llamada porque simplemente ya no es prioridad\u201d, refiri\u00f3 este mi\u00e9rcoles la joven en entrevista para W Radio de la capital del pa\u00eds.&nbsp;<\/p>\n\n\n\n<p>La saxofonista oaxaque\u00f1a asegur\u00f3 que no es un aniversario que le sea grato cumplir a ella o su familia; sin embargo, dijo es necesario recordarlo y hacerlo de forma medi\u00e1tica ya que fue solo con la presi\u00f3n que hicieron los medios de comunicaci\u00f3n y la sociedad en general que se pudo identificar a los agresores y proceder al respecto.&nbsp;<\/p>\n\n\n\n<p>\u201cDesafortunadamente en M\u00e9xico para que puedas aspirar a la justicia tiene que existir una presi\u00f3n medi\u00e1tica, no hay o no existe otra manera de c\u00f3mo poder aspirar a la justicia y en este caso el proceso actualmente no cuenta con mayor avance\u201d, dijo.<\/p>\n\n\n\n<p>Record\u00f3 que s\u00f3lo tres de las cinco \u00f3rdenes de aprensi\u00f3n liberadas por el caso fueron ejecutadas por la Fiscal\u00eda, mientras que Juan Antonio Vera Carrizal, se\u00f1alado como autor intelectual de la agresi\u00f3n, se entreg\u00f3 \u201cvoluntariamente\u201d ante las autoridades debido a la presi\u00f3n medi\u00e1tica que se ejerci\u00f3.<\/p>\n\n\n\n<p>As\u00ed mismo, que fue en el mes de abril que la Fiscal\u00eda se comprometi\u00f3 fervientemente a que har\u00eda efectiva la quinta orden de aprensi\u00f3n, sin embargo, no se ha realizado tras cinco meses de una promesa incumplida, tiempo en el que tampoco hay otro tipo de avance, por m\u00e1s m\u00ednimo que sea.&nbsp;<\/p>\n\n\n\n<p>\u201cM\u00e1s que molesta me tiene decepcionada, igual con mucho miedo junto con mi familia porque yo no s\u00e9 qu\u00e9 proceder desee tener el agresor que se encuentra pr\u00f3fugo de la justicia a\u00fan\u201d, refiri\u00f3.&nbsp;<\/p>\n\n\n\n<p>La agresi\u00f3n del 9 de septiembre del 2019 le dej\u00f3 heridas y marcas en el cuerpo que no se borraran, tampoco lo har\u00e1 el amargo recuerdo de c\u00f3mo sucedieron los hechos que le cambiaron la vida a la joven que s\u00f3lo deseaba dedicarse a la m\u00fasica.&nbsp;<\/p>\n\n\n\n<p>Debido a la pandemia, Mar\u00eda Elena no ha podido recibir atenci\u00f3n m\u00e9dica especializa al interior de los hospitales.<\/p>\n\n\n\n<p>Sin embargo, con el apoyo de su familia replica las ense\u00f1anzas fisioterap\u00e9uticas aprendidas previamente para continuar con su rehabilitaci\u00f3n y recobrar de a poco el movimiento f\u00edsico afectado con el ataque.<\/p>\n\n\n\n<p>\u201cHay cosas que s\u00ed necesito, yo no nac\u00ed quemada y a m\u00ed me gustar\u00eda regresar a hacer lo que yo era de mi cara y mi piel. A m\u00ed me cicatrizaron todo el cuerpo y yo no lo ped\u00ed, es inaudito que siga habiendo todo est\u00e1 revictimizaci\u00f3n por parte de las mismas autoridades en Oaxaca que no quieren, no pueden o no tienen la capacidad\u201d, sentenci\u00f3.&nbsp;<\/p>\n","protected":false},"excerpt":{"rendered":"<p>Evlin Arag\u00f3n\/Zona Roja. Oaxaca de Ju\u00e1rez, Oax., 9 de septiembre de 2020.- \u201cMi caso ya&hellip;<\/p>\n","protected":false},"author":2,"featured_media":6686,"comment_status":"closed","ping_status":"open","sticky":false,"template":"","format":"standard","meta":{"_lmt_disableupdate":"","_lmt_disable":"","_jetpack_memberships_contains_paid_content":false,"footnotes":""},"categories":[109,47],"tags":[494,1124],"class_list":["post-17402","post","type-post","status-publish","format-standard","has-post-thumbnail","hentry","category-minuto-a-minuto","category-zona-gris","tag-fiscalia-general-del-estado-de-oaxaca","tag-maria-elena-rios-ortiz"],"jetpack_featured_media_url":"https:\/\/zonaroja.com.mx\/wp-content\/uploads\/2019\/12\/Vera-Carrizal-y-Mar\u00eda-Elena.jpg","jetpack_sharing_enabled":true,"_links":{"self":[{"href":"https:\/\/zonaroja.com.mx\/index.php?rest_route=\/wp\/v2\/posts\/17402","targetHints":{"allow":["GET"]}}],"collection":[{"href":"https:\/\/zonaroja.com.mx\/index.php?rest_route=\/wp\/v2\/posts"}],"about":[{"href":"https:\/\/zonaroja.com.mx\/index.php?rest_route=\/wp\/v2\/types\/post"}],"author":[{"embeddable":true,"href":"https:\/\/zonaroja.com.mx\/index.php?rest_route=\/wp\/v2\/users\/2"}],"replies":[{"embeddable":true,"href":"https:\/\/zonaroja.com.mx\/index.php?rest_route=%2Fwp%2Fv2%2Fcomments&post=17402"}],"version-history":[{"count":1,"href":"https:\/\/zonaroja.com.mx\/index.php?rest_route=\/wp\/v2\/posts\/17402\/revisions"}],"predecessor-version":[{"id":17403,"href":"https:\/\/zonaroja.com.mx\/index.php?rest_route=\/wp\/v2\/posts\/17402\/revisions\/17403"}],"wp:featuredmedia":[{"embeddable":true,"href":"https:\/\/zonaroja.com.mx\/index.php?rest_route=\/wp\/v2\/media\/6686"}],"wp:attachment":[{"href":"https:\/\/zonaroja.com.mx\/index.php?rest_route=%2Fwp%2Fv2%2Fmedia&parent=17402"}],"wp:term":[{"taxonomy":"category","embeddable":true,"href":"https:\/\/zonaroja.com.mx\/index.php?rest_route=%2Fwp%2Fv2%2Fcategories&post=17402"},{"taxonomy":"post_tag","embeddable":true,"href":"https:\/\/zonaroja.com.mx\/index.php?rest_route=%2Fwp%2Fv2%2Ftags&post=17402"}],"curies":[{"name":"wp","href":"https:\/\/api.w.org\/{rel}","templated":true}]}}