{"id":17408,"date":"2020-09-09T20:30:07","date_gmt":"2020-09-10T01:30:07","guid":{"rendered":"http:\/\/www.zonaroja.com.mx\/?p=17408"},"modified":"2020-09-09T20:30:10","modified_gmt":"2020-09-10T01:30:10","slug":"celebran-que-gobierno-cancele-licitacion-senalada-como-fraudulenta","status":"publish","type":"post","link":"https:\/\/zonaroja.com.mx\/?p=17408","title":{"rendered":"Celebran que gobierno cancele licitaci\u00f3n se\u00f1alada como \u201cfraudulenta\u201d"},"content":{"rendered":"\n<p>Evlin Arag\u00f3n\/Zona Roja.<\/p>\n\n\n\n<p>Oaxaca de Ju\u00e1rez, Oax., 9 de septiembre de 2020.- Integrantes de la asociaci\u00f3n Oaxaque\u00f1os contra la Corrupci\u00f3n celebraron que se declarara desierta la licitaci\u00f3n \u201cfraudulenta\u201d que se pretend\u00eda consumar, al contratar una empresa propiedad de un trabajador del gobierno de Oaxaca, para realizar la sanitizaci\u00f3n y desinfecci\u00f3n de los complejos de Ciudad Administrativa y Judicial.&nbsp;<\/p>\n\n\n\n<p>Lo hicieron a trav\u00e9s de su cuenta de Twitter, en donde anunciaron que el Gobierno de Oaxaca se vio obligado a tomar dicha decisi\u00f3n luego de las denuncias p\u00fablicas por parte de la asociaci\u00f3n, as\u00ed como del respaldo de activistas, periodista y medios de comunicaci\u00f3n.<\/p>\n\n\n\n<p>\u201cSe declara desierta licitaci\u00f3n fraudulenta. Tras la denuncia p\u00fablica de OCC y de periodistas, medios de comunicaci\u00f3n y activistas el @GobOax se vio obligado a declarar desierta la licitaci\u00f3n denunciada. Agradecemos su participaci\u00f3n. #TodosSomosOaxVSCorrupci\u00f3n\u201d, cita el tuit.<\/p>\n\n\n\n<p>La publicaci\u00f3n est\u00e1 acompa\u00f1ada con la copia de la notificaci\u00f3n del fallo de la licitaci\u00f3n p\u00fablica estatal n\u00famero LPE-SA-SA-0011-08\/2020, firmada por Mar\u00eda Isabel Cruz Mart\u00ednez, directora de Recursos Materiales de la Secretar\u00eda de Administraci\u00f3n.&nbsp;<\/p>\n\n\n\n<p>\u201c\u2026en la cual dictamin\u00f3 y emiti\u00f3 el fallo de la Licitaci\u00f3n P\u00fablica Estatal n\u00famero LPE-SA-SA-0011_08\/2020, declarando desierto el proceso con fundamento en l art\u00edculo 43 fracci\u00f3n segunda de la Ley de Adquisiciones, Enajenaciones, Arrendamientos, Prestaci\u00f3n de Servicios y Administraci\u00f3n de Bienes Muebles e Inmuebles del Estado de Oaxaca\u2026\u201d.<\/p>\n\n\n\n<p>De acuerdo con Oaxaque\u00f1os contra la Corrupci\u00f3n, la empresa ASVEYCO SERVICIOS S.A. de C.V. obtuvo el contrato por 16 millones 949 mil 920 pesos por \u201csanitizar y desinfectar\u201d Ciudad Administrativa y Ciudad Judicial, sin embargo, la empresa no contaba con registro en el Padr\u00f3n de Proveedores de Oaxaca en los a\u00f1os 2018, 2019 y 2020.&nbsp;<\/p>\n\n\n\n<p>Adem\u00e1s, el acta de apertura t\u00e9cnica y econ\u00f3mica de la empresa es representada por David Uziel L\u00f3pez Hern\u00e1ndez, quien es \u201cChofer 3\u201d de la Secretar\u00eda de la Econom\u00eda del Gobierno de Oaxaca, representada por Juan Pablo Guzm\u00e1n Cobi\u00e1n, irregularidades que fueron denunciadas ante la Secretar\u00eda de la Contralor\u00eda y Transparencia Gubernamental que dio como resultado el fallo de declarar desierta la licitaci\u00f3n.<\/p>\n\n\n\n<p>Pese a que la asociaci\u00f3n celebr\u00f3 el fallo, sus integrantes se declararon pendientes de lo que suceda ya que ahora las autoridades tienen la capacidad de asignar de forma directa la contrataci\u00f3n del servicio, a la par que llam\u00f3 a estar pendientes de m\u00e1s denuncias.&nbsp;<\/p>\n","protected":false},"excerpt":{"rendered":"<p>Evlin Arag\u00f3n\/Zona Roja. Oaxaca de Ju\u00e1rez, Oax., 9 de septiembre de 2020.- Integrantes de la&hellip;<\/p>\n","protected":false},"author":2,"featured_media":9974,"comment_status":"closed","ping_status":"open","sticky":false,"template":"","format":"standard","meta":{"_lmt_disableupdate":"","_lmt_disable":"","_jetpack_memberships_contains_paid_content":false,"footnotes":""},"categories":[109,47],"tags":[2003,1989],"class_list":["post-17408","post","type-post","status-publish","format-standard","has-post-thumbnail","hentry","category-minuto-a-minuto","category-zona-gris","tag-oaxaquenos-contra-la-corrupcion","tag-secretaria-de-administracion"],"jetpack_featured_media_url":"https:\/\/zonaroja.com.mx\/wp-content\/uploads\/2020\/03\/IMG_1262.jpg","jetpack_sharing_enabled":true,"_links":{"self":[{"href":"https:\/\/zonaroja.com.mx\/index.php?rest_route=\/wp\/v2\/posts\/17408","targetHints":{"allow":["GET"]}}],"collection":[{"href":"https:\/\/zonaroja.com.mx\/index.php?rest_route=\/wp\/v2\/posts"}],"about":[{"href":"https:\/\/zonaroja.com.mx\/index.php?rest_route=\/wp\/v2\/types\/post"}],"author":[{"embeddable":true,"href":"https:\/\/zonaroja.com.mx\/index.php?rest_route=\/wp\/v2\/users\/2"}],"replies":[{"embeddable":true,"href":"https:\/\/zonaroja.com.mx\/index.php?rest_route=%2Fwp%2Fv2%2Fcomments&post=17408"}],"version-history":[{"count":1,"href":"https:\/\/zonaroja.com.mx\/index.php?rest_route=\/wp\/v2\/posts\/17408\/revisions"}],"predecessor-version":[{"id":17409,"href":"https:\/\/zonaroja.com.mx\/index.php?rest_route=\/wp\/v2\/posts\/17408\/revisions\/17409"}],"wp:featuredmedia":[{"embeddable":true,"href":"https:\/\/zonaroja.com.mx\/index.php?rest_route=\/wp\/v2\/media\/9974"}],"wp:attachment":[{"href":"https:\/\/zonaroja.com.mx\/index.php?rest_route=%2Fwp%2Fv2%2Fmedia&parent=17408"}],"wp:term":[{"taxonomy":"category","embeddable":true,"href":"https:\/\/zonaroja.com.mx\/index.php?rest_route=%2Fwp%2Fv2%2Fcategories&post=17408"},{"taxonomy":"post_tag","embeddable":true,"href":"https:\/\/zonaroja.com.mx\/index.php?rest_route=%2Fwp%2Fv2%2Ftags&post=17408"}],"curies":[{"name":"wp","href":"https:\/\/api.w.org\/{rel}","templated":true}]}}