{"id":17410,"date":"2020-09-09T21:42:58","date_gmt":"2020-09-10T02:42:58","guid":{"rendered":"http:\/\/www.zonaroja.com.mx\/?p=17410"},"modified":"2020-09-09T21:43:02","modified_gmt":"2020-09-10T02:43:02","slug":"diputados-piden-al-congreso-de-la-union-garantizar-recursos-para-combatir-plagas-en-bosques","status":"publish","type":"post","link":"https:\/\/zonaroja.com.mx\/?p=17410","title":{"rendered":"Diputados piden al Congreso de la Uni\u00f3n garantizar recursos para combatir plagas en bosques"},"content":{"rendered":"\n<p>Redacci\u00f3n\/Zona Roja.<\/p>\n\n\n\n<p>Oaxaca de Ju\u00e1rez, Oax., 9 de septiembre de 2020.-&nbsp; El pleno de la 64 Legislatura aprob\u00f3 hoy un Punto de Acuerdo, mediante el cual se exhorta al Congreso de la Uni\u00f3n a que en el Presupuesto de Egresos de la Federaci\u00f3n para el ejercicio de 2021, incluya recursos suficientes para el saneamiento de los bosques de Oaxaca.<\/p>\n\n\n\n<p>La iniciativa presentada y promovida por el presidente de la Junta de Coordinaci\u00f3n Pol\u00edtica (Jucopo) del Congreso local, Horacio Sosa Villavicencio, tiene como objetivo hacer frente a los da\u00f1os ocasionados por las plagas de gusano descortezador de pino y gusano desfoliador.<\/p>\n\n\n\n<p>Destac\u00f3&nbsp; que de estas dos plagas, la m\u00e1s da\u00f1ina por su capacidad de matar el arbolado es&nbsp; la del gusano descortezador, del cual no se tiene el n\u00famero preciso de hect\u00e1reas en donde tiene presencia.<\/p>\n\n\n\n<p>Apunt\u00f3 que la Sierra Norte ocupa el primer lugar del pa\u00eds en superficie afectada por el insecto defoliador y la Sierra Sur por el da\u00f1o que ha causado el gusano descortezador.<\/p>\n\n\n\n<figure class=\"wp-block-embed-twitter wp-block-embed is-type-rich is-provider-twitter\"><div class=\"wp-block-embed__wrapper\">\n<div class=\"twitter-tweet\"><blockquote class=\"twitter-tweet\" data-lang=\"es\"><p lang=\"es\" dir=\"ltr\"><a href=\"https:\/\/twitter.com\/hashtag\/%C3%9AltimoMinuto?src=hash&amp;ref_src=twsrc%5Etfw\">#\u00daltimoMinuto<\/a> <br>El pleno del <a href=\"https:\/\/twitter.com\/CongresoOaxLXIV?ref_src=twsrc%5Etfw\">@CongresoOaxLXIV<\/a> aprob\u00f3 hoy con 31 votos, un exhorto propuesto por legisladores (as) de la fracci\u00f3n de Morena, en voz del diputado <a href=\"https:\/\/twitter.com\/HoracioSosaOax?ref_src=twsrc%5Etfw\">@HoracioSosaOax<\/a>, dirigido al Congreso de la Uni\u00f3n para que destine en el Presupuesto 2021 al combate a placas de bosques. <a href=\"https:\/\/t.co\/u6uTxpWwZT\">pic.twitter.com\/u6uTxpWwZT<\/a><\/p>&mdash; Zona Roja Oaxaca (@MexRoja) <a href=\"https:\/\/twitter.com\/MexRoja\/status\/1303771625628872714?ref_src=twsrc%5Etfw\">9 de septiembre de 2020<\/a><\/blockquote><\/div>\n<\/div><\/figure>\n\n\n\n<p>Sosa Villavicencio indic\u00f3 que la importancia de este exhorto radica en que, de la riqueza forestal que posee el estado&nbsp; dependen m\u00e1s de 700 mil personas, quienes obtienen sus ingresos y alimentos mediante actividades de manejo del bosque.<\/p>\n\n\n\n<p>Adem\u00e1s, el 80 por ciento de los bosques oaxaque\u00f1os son propiedad de m\u00e1s de mil 600 peque\u00f1os productores, 860 grupos comunitarios y 760 poblados.<\/p>\n\n\n\n<p>A\u00f1adi\u00f3 que la plaga puede tener efectos catastr\u00f3ficos en la econom\u00eda de la entidad, principalmente en las comunidades ind\u00edgenas que dependen de los bosques para la sobrevivencia.<\/p>\n\n\n\n<p>Finalmente, el diputado Horacio Sosa Villavicencio&nbsp; dijo que adem\u00e1s del impacto ambiental, social y econ\u00f3mico para el resto del estado por la desaparici\u00f3n de los bosques de no controlarse podr\u00eda haber una afectaci\u00f3n directa&nbsp; del flujo de agua y la recarga de los mantos.<\/p>\n","protected":false},"excerpt":{"rendered":"<p>Redacci\u00f3n\/Zona Roja. Oaxaca de Ju\u00e1rez, Oax., 9 de septiembre de 2020.-&nbsp; El pleno de la&hellip;<\/p>\n","protected":false},"author":2,"featured_media":17411,"comment_status":"closed","ping_status":"open","sticky":false,"template":"","format":"standard","meta":{"_lmt_disableupdate":"","_lmt_disable":"","_jetpack_memberships_contains_paid_content":false,"footnotes":""},"categories":[109,46],"tags":[444],"class_list":["post-17410","post","type-post","status-publish","format-standard","has-post-thumbnail","hentry","category-minuto-a-minuto","category-zona-blanca","tag-horacio-sosa-villavicencio"],"jetpack_featured_media_url":"https:\/\/zonaroja.com.mx\/wp-content\/uploads\/2020\/09\/Diputados-Localespiden-al-Congreso-de-la-Unio\u0301n.jpeg","jetpack_sharing_enabled":true,"_links":{"self":[{"href":"https:\/\/zonaroja.com.mx\/index.php?rest_route=\/wp\/v2\/posts\/17410","targetHints":{"allow":["GET"]}}],"collection":[{"href":"https:\/\/zonaroja.com.mx\/index.php?rest_route=\/wp\/v2\/posts"}],"about":[{"href":"https:\/\/zonaroja.com.mx\/index.php?rest_route=\/wp\/v2\/types\/post"}],"author":[{"embeddable":true,"href":"https:\/\/zonaroja.com.mx\/index.php?rest_route=\/wp\/v2\/users\/2"}],"replies":[{"embeddable":true,"href":"https:\/\/zonaroja.com.mx\/index.php?rest_route=%2Fwp%2Fv2%2Fcomments&post=17410"}],"version-history":[{"count":1,"href":"https:\/\/zonaroja.com.mx\/index.php?rest_route=\/wp\/v2\/posts\/17410\/revisions"}],"predecessor-version":[{"id":17412,"href":"https:\/\/zonaroja.com.mx\/index.php?rest_route=\/wp\/v2\/posts\/17410\/revisions\/17412"}],"wp:featuredmedia":[{"embeddable":true,"href":"https:\/\/zonaroja.com.mx\/index.php?rest_route=\/wp\/v2\/media\/17411"}],"wp:attachment":[{"href":"https:\/\/zonaroja.com.mx\/index.php?rest_route=%2Fwp%2Fv2%2Fmedia&parent=17410"}],"wp:term":[{"taxonomy":"category","embeddable":true,"href":"https:\/\/zonaroja.com.mx\/index.php?rest_route=%2Fwp%2Fv2%2Fcategories&post=17410"},{"taxonomy":"post_tag","embeddable":true,"href":"https:\/\/zonaroja.com.mx\/index.php?rest_route=%2Fwp%2Fv2%2Ftags&post=17410"}],"curies":[{"name":"wp","href":"https:\/\/api.w.org\/{rel}","templated":true}]}}