{"id":17413,"date":"2020-09-09T21:56:38","date_gmt":"2020-09-10T02:56:38","guid":{"rendered":"http:\/\/www.zonaroja.com.mx\/?p=17413"},"modified":"2020-09-09T21:56:42","modified_gmt":"2020-09-10T02:56:42","slug":"continuan-los-contagios-de-covid-19-en-oaxaca-se-registran-124-nuevos","status":"publish","type":"post","link":"https:\/\/zonaroja.com.mx\/?p=17413","title":{"rendered":"Contin\u00faan los contagios de Covid-19 en Oaxaca; se registran 124 nuevos"},"content":{"rendered":"\n<p>Redacci\u00f3n\/Zona Roja.<\/p>\n\n\n\n<p>Oaxaca de Ju\u00e1rez, Oax. 9 de septiembre de 2020.- La dependencia Servicios de Salud de Oaxaca (SSO) inform\u00f3 que al corte de este mi\u00e9rcoles 9 de septiembre, se contabilizan 124 contagio nuevos de Covid-19, distribuidos en 39 municipios, sumando 14 mil 499 casos acumulados en la entidad.<\/p>\n\n\n\n<p>En un comunicado, expuso que se han notificado 21 mil 601 casos, de los cuales seis mil 392 han sido negativos, hay 710 casos sospechosos en espera de resultados por laboratorio, 12 mil 648 se han recuperado, y lamentablemente se contabilizan nueve defunciones este d\u00eda, sumando mil 340 decesos.<\/p>\n\n\n\n<p>Los 124 casos nuevos se distribuyen en 39 municipios, siendo los que mayor n\u00famero de casos presentan: Oaxaca de Ju\u00e1rez con 42, Santa Cruz Xoxocotl\u00e1n 11, Santa Luc\u00eda del Camino siete, Santiago Juxtlahuaca seis, Huajuapan de Le\u00f3n, Salina Cruz y San Antonio de la Cal cuatro cada uno; el resto tres, dos y un caso.<\/p>\n\n\n\n<p>Se\u00f1al\u00f3 que hay 511 casos activos, siendo la Jurisdicci\u00f3n Sanitaria n\u00famero uno Valles Centrales la que registra 394 casos activos, Mixteca 66, Costa 24, Istmo 13, Tuxtepec nueve y la Sierra (Norte) cinco.<\/p>\n\n\n\n<p>A\u00f1adi\u00f3 que de las mil 340 defunciones el grupo de edad m\u00e1s afectado es el de 65 y m\u00e1s a\u00f1os con 597, seguido de 50 a 59 a\u00f1os con 324 y el de 60 a 64 a\u00f1os con 185. Por sexo, 887 han sido hombres y 453 mujeres; las comorbilidades son diabetes, hipertensi\u00f3n arterial, obesidad e insuficiencia renal.<\/p>\n\n\n\n<figure class=\"wp-block-embed-twitter wp-block-embed is-type-rich is-provider-twitter\"><div class=\"wp-block-embed__wrapper\">\n<div class=\"twitter-tweet\"><blockquote class=\"twitter-tweet\" data-lang=\"es\"><p lang=\"es\" dir=\"ltr\">Es importante que todas y todos continuemos aplicando las medidas de prevenci\u00f3n, especialmente en los espacios p\u00fablicos, para mitigar los contagios de <a href=\"https:\/\/twitter.com\/hashtag\/COVID19?src=hash&amp;ref_src=twsrc%5Etfw\">#COVID19<\/a>.<br><br>\u00a1Por ti y por tu familia, cu\u00eddate! <a href=\"https:\/\/t.co\/c2RnhFxkTt\">pic.twitter.com\/c2RnhFxkTt<\/a><\/p>&mdash; Servicios de Salud (@SSO_GobOax) <a href=\"https:\/\/twitter.com\/SSO_GobOax\/status\/1303862974726184960?ref_src=twsrc%5Etfw\">10 de septiembre de 2020<\/a><\/blockquote><\/div>\n<\/div><\/figure>\n\n\n\n<p>Dijo que en relaci\u00f3n a la ocupaci\u00f3n hospitalaria, los SSO tienen el 35.4%, el Hospital Regional de Alta Especialidad de Oaxaca (HRAEO) 89.3%, el Hospital de la Ni\u00f1ez Oaxaque\u00f1a 50%, Sedena 18%, ISSSTE 27.9%, IMSS r\u00e9gimen ordinario 40.6%, IMSS Bienestar 28.8%, Pemex 25%, Semar 11.8% y hospitales privados 62.5%.<\/p>\n\n\n\n<p>Exhort\u00f3 a la poblaci\u00f3n que en caso de presentar s\u00edntomas como: fiebre, tos seca, dolor de garganta, cansancio, dolor de cabeza, p\u00e9rdida de olfato o gusto y diarrea, pueden comunicarse a los tel\u00e9fonos: 800 770 8437, 951 516 8242, 951 51 1220 y 951 297 5741, donde le dir\u00e1n qu\u00e9 hacer en caso de alguna complicaci\u00f3n.<\/p>\n\n\n\n<p>Finalmente, dijo que el uso correcto del cubrebocas salva vidas, por lo que se debe usar al salir de casa, corroborando que cubra nariz y boca en su totalidad; al momento de quitarlo tomarlo de la cintilla de atr\u00e1s, sin tocar el frente, si es un cubrebocas desechable, cortar y tirarlo, si es de tela lavarlo despu\u00e9s de cada uso, evitar estar toc\u00e1ndolo y no compartirlo, y siempre lavarse las manos antes y despu\u00e9s de su uso.<\/p>\n","protected":false},"excerpt":{"rendered":"<p>Redacci\u00f3n\/Zona Roja. Oaxaca de Ju\u00e1rez, Oax. 9 de septiembre de 2020.- La dependencia Servicios de&hellip;<\/p>\n","protected":false},"author":2,"featured_media":17414,"comment_status":"closed","ping_status":"open","sticky":false,"template":"","format":"standard","meta":{"_lmt_disableupdate":"","_lmt_disable":"","_jetpack_memberships_contains_paid_content":false,"footnotes":""},"categories":[109,47],"tags":[1512],"class_list":["post-17413","post","type-post","status-publish","format-standard","has-post-thumbnail","hentry","category-minuto-a-minuto","category-zona-gris","tag-coronavirus-oaxaca"],"jetpack_featured_media_url":"https:\/\/zonaroja.com.mx\/wp-content\/uploads\/2020\/09\/SSO-1-1-2.jpeg","jetpack_sharing_enabled":true,"_links":{"self":[{"href":"https:\/\/zonaroja.com.mx\/index.php?rest_route=\/wp\/v2\/posts\/17413","targetHints":{"allow":["GET"]}}],"collection":[{"href":"https:\/\/zonaroja.com.mx\/index.php?rest_route=\/wp\/v2\/posts"}],"about":[{"href":"https:\/\/zonaroja.com.mx\/index.php?rest_route=\/wp\/v2\/types\/post"}],"author":[{"embeddable":true,"href":"https:\/\/zonaroja.com.mx\/index.php?rest_route=\/wp\/v2\/users\/2"}],"replies":[{"embeddable":true,"href":"https:\/\/zonaroja.com.mx\/index.php?rest_route=%2Fwp%2Fv2%2Fcomments&post=17413"}],"version-history":[{"count":1,"href":"https:\/\/zonaroja.com.mx\/index.php?rest_route=\/wp\/v2\/posts\/17413\/revisions"}],"predecessor-version":[{"id":17415,"href":"https:\/\/zonaroja.com.mx\/index.php?rest_route=\/wp\/v2\/posts\/17413\/revisions\/17415"}],"wp:featuredmedia":[{"embeddable":true,"href":"https:\/\/zonaroja.com.mx\/index.php?rest_route=\/wp\/v2\/media\/17414"}],"wp:attachment":[{"href":"https:\/\/zonaroja.com.mx\/index.php?rest_route=%2Fwp%2Fv2%2Fmedia&parent=17413"}],"wp:term":[{"taxonomy":"category","embeddable":true,"href":"https:\/\/zonaroja.com.mx\/index.php?rest_route=%2Fwp%2Fv2%2Fcategories&post=17413"},{"taxonomy":"post_tag","embeddable":true,"href":"https:\/\/zonaroja.com.mx\/index.php?rest_route=%2Fwp%2Fv2%2Ftags&post=17413"}],"curies":[{"name":"wp","href":"https:\/\/api.w.org\/{rel}","templated":true}]}}