{"id":17420,"date":"2020-09-10T07:45:24","date_gmt":"2020-09-10T12:45:24","guid":{"rendered":"http:\/\/www.zonaroja.com.mx\/?p=17420"},"modified":"2020-09-10T07:45:27","modified_gmt":"2020-09-10T12:45:27","slug":"hasta-el-ano-2022-habria-vacuna-masiva-contra-el-covid-dice-la-oms","status":"publish","type":"post","link":"https:\/\/zonaroja.com.mx\/?p=17420","title":{"rendered":"Hasta el a\u00f1o 2022 habr\u00eda vacuna masiva contra el Covid, dice la OMS"},"content":{"rendered":"\n<p>Redacci\u00f3n\/Zona Roja Cdmx.<\/p>\n\n\n\n<p>Ciudad de M\u00e9xico, 10 de septiembre de 2020.- La seguridad es primordial en los ensayos cl\u00ednicos para las vacunas y las suspensiones temporales no son inusuales, pues sirven para evaluar cualquier anomal\u00eda en los participantes, expuso ayer la Organizaci\u00f3n Mundial de la Salud (OMS).<\/p>\n\n\n\n<p>Consider\u00f3 que ser\u00e1 hasta 2022 cuando la vacuna contra el Covid-19 estar\u00e1 disponible masivamente.<\/p>\n\n\n\n<p>La declaraci\u00f3n ocurre un d\u00eda despu\u00e9s de que la farmac\u00e9utica AstraZeneca anunci\u00f3 una pausa en los ensayos finales del prototipo que elabora al descubrir s\u00edntomas secundarios neurol\u00f3gicos en un voluntario.<\/p>\n\n\n\n<p>\u201cNos complace que los desarrolladores de la vacuna est\u00e9n asegurando la integridad cient\u00edfica de los ensayos y apeg\u00e1ndose a las pautas y normas est\u00e1ndares para el desarrollo de vacunas\u201d, respondi\u00f3 la OMS en un correo a la agencia de noticias Reuters sobre la controversia que suscit\u00f3 la decisi\u00f3n del laboratorio.<\/p>\n\n\n\n<p>La OMS recomend\u00f3 una adherencia estricta a los protocolos establecidos de pruebas en todos los ensayos para vacunas, con el fin de asegurar la integridad de los voluntarios y la seguridad final de las vacunas.<\/p>\n\n\n\n<p>Soumya Swaminathan, jefa de cient\u00edficos de la OMS, advirti\u00f3 que no espera que las posibles vacunas contra el nuevo virus est\u00e9n disponibles para la poblaci\u00f3n general antes de 2022, aunque los primeros grupos de riesgo podr\u00edan ser inmunizados a mediados de 2021.<\/p>\n\n\n\n<p>\u201cMuchas personas ven la vacuna como una f\u00f3rmula m\u00e1gica que llegar\u00e1 en enero y va a, b\u00e1sicamente, solucionar los problemas del mundo. No ocurrir\u00e1 as\u00ed\u201d, coment\u00f3 la pediatra y cient\u00edfica india en una sesi\u00f3n virtual de preguntas y respuestas con internautas.<\/p>\n\n\n\n<p>AstraZeneca anunci\u00f3 el martes que detuvo los ensayos, incluidos los de fase tres, para permitir que un comit\u00e9 independiente revise los datos de seguridad. La suspensi\u00f3n provoc\u00f3 una ca\u00edda de hasta 4 por ciento en sus acciones.<\/p>\n\n\n\n<p>La Comisi\u00f3n Europea planea hacer un pedido de 200 millones de dosis de una posible vacuna a la biofarmac\u00e9utica alemana BioNTech SE y a la empresa estadunidense Pfizer, informaron ambas compa\u00f1\u00edas en un comunicado. La fase de pr\u00e1cticas de una potencial vacuna china comenz\u00f3 en Per\u00fa, y ser\u00e1 aplicada a 6 mil voluntarios.<\/p>\n\n\n\n<p>En Italia, donde se espera el regreso a la escuela en breve pese a los nuevos repuntes de contagios, el papa Francisco, visto por primera vez con cubrebocas, dijo que nadie deber\u00eda buscar ganancias econ\u00f3micas o pol\u00edticas de la pandemia y que los desarrolladores de vacunas no deben verlo simplemente como un esfuerzo lucrativo.<\/p>\n\n\n\n<p>A nivel global, la pandemia dej\u00f3 hasta ayer 901 mil 50 muertos, 27 millones 699 mil 112 casos positivos y 18 millones 636 mil 410 recuperados en el mundo, seg\u00fan un recuento de la Universidad Johns Hopkins. Estados Unidos es la naci\u00f3n m\u00e1s afectada en el mundo con 190 mil 727 decesos y 6 millones 358 mil 247 enfermos, entre ellos 500 mil ni\u00f1os contagiados, seg\u00fan el reporte.<\/p>\n\n\n\n<p>Am\u00e9rica Latina super\u00f3 300 mil muertes, un tercio de las registradas en todo el mundo con Brasil, M\u00e9xico, Per\u00fa y Colombia como los pa\u00edses con m\u00e1s v\u00edctimas, mostr\u00f3 un recuento de Reuters.<\/p>\n\n\n\n<p>(Informaci\u00f3n de \u201cLa Jornada\u201d y agencias internacionales)<\/p>\n","protected":false},"excerpt":{"rendered":"<p>Redacci\u00f3n\/Zona Roja Cdmx. Ciudad de M\u00e9xico, 10 de septiembre de 2020.- La seguridad es primordial&hellip;<\/p>\n","protected":false},"author":2,"featured_media":17421,"comment_status":"closed","ping_status":"open","sticky":false,"template":"","format":"standard","meta":{"_lmt_disableupdate":"","_lmt_disable":"","_jetpack_memberships_contains_paid_content":false,"footnotes":""},"categories":[109,47],"tags":[1510],"class_list":["post-17420","post","type-post","status-publish","format-standard","has-post-thumbnail","hentry","category-minuto-a-minuto","category-zona-gris","tag-coronavirus-pandemia-global"],"jetpack_featured_media_url":"https:\/\/zonaroja.com.mx\/wp-content\/uploads\/2020\/09\/Vacuna-Covid-AstraZeneca.jpg","jetpack_sharing_enabled":true,"_links":{"self":[{"href":"https:\/\/zonaroja.com.mx\/index.php?rest_route=\/wp\/v2\/posts\/17420","targetHints":{"allow":["GET"]}}],"collection":[{"href":"https:\/\/zonaroja.com.mx\/index.php?rest_route=\/wp\/v2\/posts"}],"about":[{"href":"https:\/\/zonaroja.com.mx\/index.php?rest_route=\/wp\/v2\/types\/post"}],"author":[{"embeddable":true,"href":"https:\/\/zonaroja.com.mx\/index.php?rest_route=\/wp\/v2\/users\/2"}],"replies":[{"embeddable":true,"href":"https:\/\/zonaroja.com.mx\/index.php?rest_route=%2Fwp%2Fv2%2Fcomments&post=17420"}],"version-history":[{"count":1,"href":"https:\/\/zonaroja.com.mx\/index.php?rest_route=\/wp\/v2\/posts\/17420\/revisions"}],"predecessor-version":[{"id":17422,"href":"https:\/\/zonaroja.com.mx\/index.php?rest_route=\/wp\/v2\/posts\/17420\/revisions\/17422"}],"wp:featuredmedia":[{"embeddable":true,"href":"https:\/\/zonaroja.com.mx\/index.php?rest_route=\/wp\/v2\/media\/17421"}],"wp:attachment":[{"href":"https:\/\/zonaroja.com.mx\/index.php?rest_route=%2Fwp%2Fv2%2Fmedia&parent=17420"}],"wp:term":[{"taxonomy":"category","embeddable":true,"href":"https:\/\/zonaroja.com.mx\/index.php?rest_route=%2Fwp%2Fv2%2Fcategories&post=17420"},{"taxonomy":"post_tag","embeddable":true,"href":"https:\/\/zonaroja.com.mx\/index.php?rest_route=%2Fwp%2Fv2%2Ftags&post=17420"}],"curies":[{"name":"wp","href":"https:\/\/api.w.org\/{rel}","templated":true}]}}