{"id":17425,"date":"2020-09-10T09:49:09","date_gmt":"2020-09-10T14:49:09","guid":{"rendered":"http:\/\/www.zonaroja.com.mx\/?p=17425"},"modified":"2020-09-10T09:49:12","modified_gmt":"2020-09-10T14:49:12","slug":"diputados-exigen-justicia-por-maria-elena-rios-y-condenan-lentitud-de-fgeo","status":"publish","type":"post","link":"https:\/\/zonaroja.com.mx\/?p=17425","title":{"rendered":"Diputados exigen justicia por Mar\u00eda Elena R\u00edos y condenan lentitud de FGEO"},"content":{"rendered":"\n<p>Yuridiana Sosa\/Zona Roja.<\/p>\n\n\n\n<p>Oaxaca de Ju\u00e1rez, Oax., 10 de septiembre de 2020.- A un a\u00f1o del ataque con \u00e1cido que sufri\u00f3 la saxofonista Mar\u00eda Elena R\u00edos, los diputados oaxaque\u00f1os C\u00e9sar Morales, Oth\u00f3n Cuevas e Hilda P\u00e9rez Luis. condenaron la lentitud en el caso por parte de la Fiscal\u00eda General de Oaxaca (FGEO) para aplicar justicia.<\/p>\n\n\n\n<p>Durante sesi\u00f3n del pleno de la 64 Legislatura local, los representantes populares exigieron que el caso no quede impune, pues a m\u00e1s de ocho y cinco meses de las detenciones contra dos presuntos responsables materiales y uno intelectual, respectivamente, no existen sentencias.<\/p>\n\n\n\n<p>El diputado C\u00e9sar Morales Ni\u00f1o, del Partido del Trabajo, record\u00f3 el lamentable hecho en el que la joven saxofonista fue agredida con \u00e1cido sulf\u00farico el pasado 9 de septiembre de 2019 en su domicilio en Huajuapan de Le\u00f3n, y reproch\u00f3 que a un a\u00f1o de distancia no hay reparaci\u00f3n del da\u00f1o, tanto para ella como para su familia.<\/p>\n\n\n\n<p>Oth\u00f3n Cuevas C\u00f3rdova, de Morena, asever\u00f3 que ante este acontecimiento en Oaxaca hay un \u201csilencio c\u00f3mplice\u201d por parte de las autoridades, quienes pareciera que \u201cno quieren llegar al fondo del caso\u201d, pues el detenido como presunto autor intelectual es el ex legislador del PRI y empresario gasolinero Juan Antonio Vera Carrizal.<\/p>\n\n\n\n<p>La diputada Hilda P\u00e9rez Luis exhort\u00f3 al Tribunal de Justicia del Estado a actuar con legalidad en este caso y emitir sanciones ejemplares sobre los responsables para marcar un precedente para la no repetici\u00f3n de estos hechos.<\/p>\n\n\n\n<p>El caso de Mar\u00eda Elena fijo un referente de la violencia contra las mujeres en Oaxaca, por lo que en marzo pasado el Congreso de Oaxaca aprob\u00f3 modificaciones al C\u00f3digo Penal para que las agresiones con agentes f\u00edsicos, qu\u00edmicos y sustancias corrosivas contra una mujer, sean consideradas un delito.<\/p>\n\n\n\n<p>El caso de Mar\u00eda Elena R\u00edos sali\u00f3 a la luz en diciembre, cuando la familia de la joven denunci\u00f3 una serie de irregularidades y omisiones contra las que luchaban, desde el sistema de justicia hasta para la atenci\u00f3n m\u00e9dica de la saxofonista.<\/p>\n\n\n\n<p>Mar\u00eda Elena y su familia se\u00f1alaron, desde el inicio, a Vera Carrizal como el presunto autor intelectual ante acontecimientos previos que lo relacionaban.<\/p>\n\n\n\n<p>En diciembre la Fiscal\u00eda General del Estado detuvo a los dos presuntos autores materiales del ataque y en abril se concret\u00f3 la aprehensi\u00f3n de Vera Carrizal, bajo un proceso particular que presume su entrega. En ninguno de los casos hay sentencia.<\/p>\n\n\n\n<figure class=\"wp-block-embed-twitter wp-block-embed is-type-rich is-provider-twitter\"><div class=\"wp-block-embed__wrapper\">\n<div class=\"twitter-tweet\"><blockquote class=\"twitter-tweet\" data-lang=\"es\"><p lang=\"es\" dir=\"ltr\">A ver <a href=\"https:\/\/twitter.com\/alejandromurat?ref_src=twsrc%5Etfw\">@alejandromurat<\/a>, <a href=\"https:\/\/twitter.com\/FISCALIA_GobOax?ref_src=twsrc%5Etfw\">@FISCALIA_GobOax<\/a> qu\u00e9 fue lo que pactaron con el exdiputado del PRI que mand\u00f3 a rociar con \u00e1cido a Mar\u00eda Elena R\u00edos para que el otro autor intelectual, su hijo Juan Vera Hern\u00e1ndez, no sea detenido? Ejecuten la orden de aprehensi\u00f3n.<a href=\"https:\/\/twitter.com\/hashtag\/justiciaparaMale?src=hash&amp;ref_src=twsrc%5Etfw\">#justiciaparaMale<\/a> <a href=\"https:\/\/t.co\/JxTnjxjtVe\">pic.twitter.com\/JxTnjxjtVe<\/a><\/p>&mdash; Y\u00e1snaya Elena (@yasnayae) <a href=\"https:\/\/twitter.com\/yasnayae\/status\/1303905848650084359?ref_src=twsrc%5Etfw\">10 de septiembre de 2020<\/a><\/blockquote><\/div>\n<\/div><\/figure>\n\n\n\n<p>\u201cTUITAZO\u201d POR MALENA<\/p>\n\n\n\n<p>Por otra parte, anoche a trav\u00e9s de las redes sociales, activistas promovieron una jornada de reclamos a trav\u00e9s de las redes sociales, principalmente Twitter, para exigir la aprehensi\u00f3n de Juan Antonio Vera Hern\u00e1ndez, hijo de Juan Antonio V. C.<\/p>\n\n\n\n<p>Bajo las etiquetas #JusticiaParaMale y #VeraHern\u00e1ndezALaC\u00e1rcel, demandaron a la Fiscal\u00eda la aprehensi\u00f3n de este otro presunto autor intelectual.<\/p>\n\n\n\n<p>\u201cEl 9 de septiembre de 2019, Mar\u00eda Elena R\u00edos Ortiz, saxofonista de 26 a\u00f1os, fue atacada con \u00e1cido al interior de su hogar por Ruvicel H. R., quien habr\u00eda sido contratado por el empesario y ex diputado del PRI, Juan Antonio Vera Carrizal y sus c\u00f3mplices.<\/p>\n\n\n\n<p>\u201cRuvecel fue chal\u00e1n en la construcci\u00f3n de una gasolinera del empresario. \u00c9l y su padre recibieron 30 mil pesos por atacar a Male, pagados por Rub\u00e9n Loaeza Ch\u00e1rrez y por Juan Antonio Vera Hern\u00e1ndez, hijo de Vera Carrizal\u201d, difundieron.<\/p>\n","protected":false},"excerpt":{"rendered":"<p>Yuridiana Sosa\/Zona Roja. Oaxaca de Ju\u00e1rez, Oax., 10 de septiembre de 2020.- A un a\u00f1o&hellip;<\/p>\n","protected":false},"author":2,"featured_media":17426,"comment_status":"closed","ping_status":"open","sticky":false,"template":"","format":"standard","meta":{"_lmt_disableupdate":"","_lmt_disable":"","_jetpack_memberships_contains_paid_content":false,"footnotes":""},"categories":[109,47],"tags":[1124],"class_list":["post-17425","post","type-post","status-publish","format-standard","has-post-thumbnail","hentry","category-minuto-a-minuto","category-zona-gris","tag-maria-elena-rios-ortiz"],"jetpack_featured_media_url":"https:\/\/zonaroja.com.mx\/wp-content\/uploads\/2020\/09\/Justicia-para-Male.jpg","jetpack_sharing_enabled":true,"_links":{"self":[{"href":"https:\/\/zonaroja.com.mx\/index.php?rest_route=\/wp\/v2\/posts\/17425","targetHints":{"allow":["GET"]}}],"collection":[{"href":"https:\/\/zonaroja.com.mx\/index.php?rest_route=\/wp\/v2\/posts"}],"about":[{"href":"https:\/\/zonaroja.com.mx\/index.php?rest_route=\/wp\/v2\/types\/post"}],"author":[{"embeddable":true,"href":"https:\/\/zonaroja.com.mx\/index.php?rest_route=\/wp\/v2\/users\/2"}],"replies":[{"embeddable":true,"href":"https:\/\/zonaroja.com.mx\/index.php?rest_route=%2Fwp%2Fv2%2Fcomments&post=17425"}],"version-history":[{"count":1,"href":"https:\/\/zonaroja.com.mx\/index.php?rest_route=\/wp\/v2\/posts\/17425\/revisions"}],"predecessor-version":[{"id":17427,"href":"https:\/\/zonaroja.com.mx\/index.php?rest_route=\/wp\/v2\/posts\/17425\/revisions\/17427"}],"wp:featuredmedia":[{"embeddable":true,"href":"https:\/\/zonaroja.com.mx\/index.php?rest_route=\/wp\/v2\/media\/17426"}],"wp:attachment":[{"href":"https:\/\/zonaroja.com.mx\/index.php?rest_route=%2Fwp%2Fv2%2Fmedia&parent=17425"}],"wp:term":[{"taxonomy":"category","embeddable":true,"href":"https:\/\/zonaroja.com.mx\/index.php?rest_route=%2Fwp%2Fv2%2Fcategories&post=17425"},{"taxonomy":"post_tag","embeddable":true,"href":"https:\/\/zonaroja.com.mx\/index.php?rest_route=%2Fwp%2Fv2%2Ftags&post=17425"}],"curies":[{"name":"wp","href":"https:\/\/api.w.org\/{rel}","templated":true}]}}