{"id":17428,"date":"2020-09-10T09:57:05","date_gmt":"2020-09-10T14:57:05","guid":{"rendered":"http:\/\/www.zonaroja.com.mx\/?p=17428"},"modified":"2020-09-10T09:57:08","modified_gmt":"2020-09-10T14:57:08","slug":"normalistas-de-tamaluzalapam-aun-esperan-repuesta-del-ieepo-a-su-pliego","status":"publish","type":"post","link":"https:\/\/zonaroja.com.mx\/?p=17428","title":{"rendered":"Normalistas de Tamaluzal\u00e1pam a\u00fan esperan repuesta del IEEPO a su pliego"},"content":{"rendered":"\n<p>Evlin Arag\u00f3n\/Zona Roja.<\/p>\n\n\n\n<p>Oaxaca de Ju\u00e1rez, Oax., 10 de septiembre de 2020.- Representantes del Comit\u00e9 Ejecutivo Estudiantil \u201cAlma Oaxaque\u00f1a\u201d de la Escuela Normal Rural Vanguardia, ubicada en el municipio de Tamazul\u00e1pam del Progreso, dieron a conocer que mantienen la lucha que iniciaron el pasado 19 de agosto y se encuentran a la espera de respuesta a su pliego petitorio por parte de las autoridades estatales en materia educativa.<\/p>\n\n\n\n<p>Desde hace tres semanas el grupo de estudiantes denunci\u00f3 una serie de irregularidades en el proceso de admisi\u00f3n y examen virtual que se llev\u00f3 a cabo el 15 de agosto, acusando al IEEPO de actuar de forma unilateral, sin tomar en cuenta la representaci\u00f3n estudiantil y sin considerar las condiciones geogr\u00e1ficas, econ\u00f3micas y sociales que padecen las j\u00f3venes aspirantes.&nbsp;<\/p>\n\n\n\n<p>\u201cDicho examen expuso la inequidad de oportunidades de las aspirantes ya que las compa\u00f1eras no contaban ni cuentan con el equipo de c\u00f3mputo o la red de internet de alta velocidad para poder acceder a la plataforma, aunado a ello, las condiciones meteorol\u00f3gicas provocaron interferencias en dicho proceso\u201d, refirieron mediante un comunicado.&nbsp;<\/p>\n\n\n\n<p>Por lo anterior exigieron al titular de la Unidad de Educaci\u00f3n Normal y Formaci\u00f3n Docente del Instituto Estatal de Educaci\u00f3n P\u00fablica de Oaxaca, Carlos Alberto Cuevas Cervantes, que d\u00e9 respuesta inmediata al pliego petitorio dando prioridad a sus demandas principales que incluyen la aplicaci\u00f3n de un estudio socioecon\u00f3mico como requisito para la admisi\u00f3n e inscripci\u00f3n de nuevo ingreso.&nbsp;<\/p>\n\n\n\n<p>Ello como se ha hecho desde el a\u00f1o 2000 y con la finalidad de que se verifique que las aspirantes son hijas de campesinos de bajos recursos econ\u00f3micos, pues a trav\u00e9s de la historia las Normales Rurales han sido creadas para esta parte de la poblaci\u00f3n.&nbsp;<\/p>\n\n\n\n<p>Recordaron que las Normales Rurales fueron creadas despu\u00e9s de la Revoluci\u00f3n Mexicana con el prop\u00f3sito de albergar a hijos de campesinos que no contaban con los recursos necesarios para llevar a cabo una educaci\u00f3n com\u00fan como la de otras instancias.&nbsp;<\/p>\n\n\n\n<p>As\u00ed mismo, con la firme intenci\u00f3n de formar docentes capaces de realizar una transformaci\u00f3n en el campo, integrando actividades culturales, deportivas, educativas, econ\u00f3micas y de organizaci\u00f3n pol\u00edtica en el marco de la reforma agraria y de la conformaci\u00f3n del estado posrevolucionario, actividad que han realizada hasta la actualidad formando una plantilla consiente, cr\u00edtica y anal\u00edtica.&nbsp;&nbsp;<\/p>\n\n\n\n<p>Debido a los rumores de un posible desalojo de la base estudiantil que se encuentra resguardada en las instalaciones educativas, las estudiantes responsabilizaron a los directivos de la Escuela Normal Rural \u201cVanguardia\u201d de cualquier agresi\u00f3n f\u00edsica o verbal en su contra.<\/p>\n\n\n\n<p>Aseguraron que se trata de un comit\u00e9 aut\u00f3nomo perteneciente a la Federaci\u00f3n de Estudiantes Campesinos Socialistas de M\u00e9xico (FECSM), al igual que a la Coordinadora de Estudiantes Normalistas del Estado de Oaxaca (CENEO), por lo que se deslindan de toda organizaci\u00f3n Social como Frente Popular Revolucionario (FPR), entre otras.<\/p>\n","protected":false},"excerpt":{"rendered":"<p>Evlin Arag\u00f3n\/Zona Roja. Oaxaca de Ju\u00e1rez, Oax., 10 de septiembre de 2020.- Representantes del Comit\u00e9&hellip;<\/p>\n","protected":false},"author":2,"featured_media":17429,"comment_status":"closed","ping_status":"open","sticky":false,"template":"","format":"standard","meta":{"_lmt_disableupdate":"","_lmt_disable":"","_jetpack_memberships_contains_paid_content":false,"footnotes":""},"categories":[109,47],"tags":[2004],"class_list":["post-17428","post","type-post","status-publish","format-standard","has-post-thumbnail","hentry","category-minuto-a-minuto","category-zona-gris","tag-escuela-normal-vanguardia-de-tamazulapam-2"],"jetpack_featured_media_url":"https:\/\/zonaroja.com.mx\/wp-content\/uploads\/2020\/09\/Escuela-Normal-Rural-Vanguardia-Tamazulapam.jpg","jetpack_sharing_enabled":true,"_links":{"self":[{"href":"https:\/\/zonaroja.com.mx\/index.php?rest_route=\/wp\/v2\/posts\/17428","targetHints":{"allow":["GET"]}}],"collection":[{"href":"https:\/\/zonaroja.com.mx\/index.php?rest_route=\/wp\/v2\/posts"}],"about":[{"href":"https:\/\/zonaroja.com.mx\/index.php?rest_route=\/wp\/v2\/types\/post"}],"author":[{"embeddable":true,"href":"https:\/\/zonaroja.com.mx\/index.php?rest_route=\/wp\/v2\/users\/2"}],"replies":[{"embeddable":true,"href":"https:\/\/zonaroja.com.mx\/index.php?rest_route=%2Fwp%2Fv2%2Fcomments&post=17428"}],"version-history":[{"count":1,"href":"https:\/\/zonaroja.com.mx\/index.php?rest_route=\/wp\/v2\/posts\/17428\/revisions"}],"predecessor-version":[{"id":17430,"href":"https:\/\/zonaroja.com.mx\/index.php?rest_route=\/wp\/v2\/posts\/17428\/revisions\/17430"}],"wp:featuredmedia":[{"embeddable":true,"href":"https:\/\/zonaroja.com.mx\/index.php?rest_route=\/wp\/v2\/media\/17429"}],"wp:attachment":[{"href":"https:\/\/zonaroja.com.mx\/index.php?rest_route=%2Fwp%2Fv2%2Fmedia&parent=17428"}],"wp:term":[{"taxonomy":"category","embeddable":true,"href":"https:\/\/zonaroja.com.mx\/index.php?rest_route=%2Fwp%2Fv2%2Fcategories&post=17428"},{"taxonomy":"post_tag","embeddable":true,"href":"https:\/\/zonaroja.com.mx\/index.php?rest_route=%2Fwp%2Fv2%2Ftags&post=17428"}],"curies":[{"name":"wp","href":"https:\/\/api.w.org\/{rel}","templated":true}]}}