{"id":17434,"date":"2020-09-10T15:05:06","date_gmt":"2020-09-10T20:05:06","guid":{"rendered":"http:\/\/www.zonaroja.com.mx\/?p=17434"},"modified":"2020-09-10T15:05:10","modified_gmt":"2020-09-10T20:05:10","slug":"no-cesan-las-protestas-en-oaxaca-por-desatencion-oficial","status":"publish","type":"post","link":"https:\/\/zonaroja.com.mx\/?p=17434","title":{"rendered":"No cesan las protestas en Oaxaca, por desatenci\u00f3n oficial"},"content":{"rendered":"\n<p>Evlin Arag\u00f3n\/Zona Roja.<\/p>\n\n\n\n<p>Oaxaca de Ju\u00e1rez, Oax., 10 de septiembre de 2020.- Desde temprana hora de este jueves, las protestas nuevamente se hicieron presentes en la capital de Oaxaca, las cuales fueron encabezadas por grupos de comunidades ind\u00edgenas que no han recibido respuesta a sus demandas expuestas con anterioridad.&nbsp;<\/p>\n\n\n\n<p>A las puertas de la Defensor\u00eda de los Derechos Humanos del Pueblo de Oaxaca (DHHPO) arribaron habitantes de diversas comunidades, adheridas a la organizaci\u00f3n \u00ab23 de Octubre\u00bb, para denunciar la falta de avance para acceder a la justicia por el asesinato de su l\u00edder Humberto Pasos.<\/p>\n\n\n\n<p>\u201cA 10 a\u00f1os de los hechos, exigimos castigo a los autores materiales e intelectuales del asesinato de Heriberto Pazos\u201d refiri\u00f3 el grupo de inconformes, quienes reprocharon que, aunque existen personas detenidas, la Fiscal\u00eda General de Justicia de Oaxaca no aclare la situaci\u00f3n.\u00a0<\/p>\n\n\n\n<p>Jos\u00e9 Miguel Mendoza Cruz, uno de los representantes, afirm\u00f3 que adem\u00e1s del caso de Pazos Ortiz, se han dado muchas muertes de dirigentes y no hay avances, adem\u00e1s de mujeres desaparecidas. \u00abLa Fiscal\u00eda no da atenci\u00f3n, si diera atenci\u00f3n y prioridad a todos los temas de violencia, hubiera avances suficientes\u00bb, expuso.<\/p>\n\n\n\n<p>Para los manifestantes, el Estado est\u00e1 involucrado en el asesinato por lo que se ha complicado el acceso a la justicia; sin embargo, las recientes investigaciones en contra de Evencio Nicol\u00e1s Mart\u00ednez Ram\u00edrez, ex procurador, as\u00ed como de agentes de investigaci\u00f3n podr\u00edan romper la cadena de complicidades al interior de las dependencias de procuraci\u00f3n de justicia.\u00a0<\/p>\n\n\n\n<figure class=\"wp-block-embed-twitter wp-block-embed is-type-rich is-provider-twitter\"><div class=\"wp-block-embed__wrapper\">\n<div class=\"twitter-tweet\"><blockquote class=\"twitter-tweet\" data-lang=\"es\"><p lang=\"es\" dir=\"ltr\"><a href=\"https:\/\/twitter.com\/hashtag\/%C3%9AltimoMinuto?src=hash&amp;ref_src=twsrc%5Etfw\">#\u00daltimoMinuto<\/a> <br>\u201cLa <a href=\"https:\/\/twitter.com\/FISCALIA_GobOax?ref_src=twsrc%5Etfw\">@FISCALIA_GobOax<\/a> no da atenci\u00f3n, si diera atenci\u00f3n y prioridad a todos esos temas de violencia en el estado, seguramente hubiera avances suficientes\u201d, la queja de la organizaci\u00f3n \u201c23 de Octubre\u201d, al iniciar hoy en la <a href=\"https:\/\/twitter.com\/DDHPO?ref_src=twsrc%5Etfw\">@DDHPO<\/a> una jornada para exigir justicia. <a href=\"https:\/\/t.co\/vOHGtLjAws\">pic.twitter.com\/vOHGtLjAws<\/a><\/p>&mdash; Zona Roja Oaxaca (@MexRoja) <a href=\"https:\/\/twitter.com\/MexRoja\/status\/1304086627866652674?ref_src=twsrc%5Etfw\">10 de septiembre de 2020<\/a><\/blockquote><\/div>\n<\/div><\/figure>\n\n\n\n<p>TAMBI\u00c9N ANTORCHA<\/p>\n\n\n\n<p>Mientras que militantes de Antorcha Campesina marcharon por las principales calles de la ciudad, como parte de una acci\u00f3n que se realiza de forma simult\u00e1nea en otras partes de la Rep\u00fablica, a fin de solidarizarse con integrante de la organizaci\u00f3n que est\u00e1n siendo v\u00edctimas de persecuci\u00f3n pol\u00edtica en el estado de Puebla.&nbsp;<\/p>\n\n\n\n<p>Dimas Romero Gonz\u00e1lez, dirigente del movimiento antorchista en Oaxaca, asegur\u00f3 que se trata del inicio de una serie de movilizaciones para evitar la detenci\u00f3n de forma arbitraria de sus compa\u00f1eros que pretende consumar el gobernador poblano Miguel \u00c1ngel Barbosa.&nbsp;&nbsp;<\/p>\n\n\n\n<p>\u201cDenunciamos que hay una persecuci\u00f3n pol\u00edtica orquestada por el gobernador de Puebla y el movimiento antorchista no va a permitir que se encarcele a alguno de nuestros dirigentes a quienes no se le ha comprobado los se\u00f1alamientos de enriquecimiento il\u00edcito que argumentan\u201d, dijo ante los medios.<\/p>\n\n\n\n<p>As\u00ed mismo, critic\u00f3 que los se\u00f1alamientos sin ning\u00fan tipo de fundamento sean en contra de organizaciones, mientras que funcionarios y personajes pol\u00edticos como el hermano del presidente de la Rep\u00fablica que si aparece en videos no sea investigado por la Unidad de Inteligencia Financiera, raz\u00f3n por la que mantendr\u00e1n sus protestas en todas las entidades en las que tienen presencia.\u00a0\u00a0<\/p>\n\n\n\n<figure class=\"wp-block-embed-twitter wp-block-embed is-type-rich is-provider-twitter\"><div class=\"wp-block-embed__wrapper\">\n<div class=\"twitter-tweet\"><blockquote class=\"twitter-tweet\" data-lang=\"es\"><p lang=\"es\" dir=\"ltr\"><a href=\"https:\/\/twitter.com\/hashtag\/%C3%9AltimoMinuto?src=hash&amp;ref_src=twsrc%5Etfw\">#\u00daltimoMinuto<\/a> <br>Son cientos de militantes de Antorcha Campesina, que ahora marchan por las calles de la ciudad de Oaxaca; denuncian al gobierno de <a href=\"https:\/\/twitter.com\/MBarbosaMX?ref_src=twsrc%5Etfw\">@MBarbosaMX<\/a> en Puebla, por actos de represi\u00f3n y hostigamiento. <a href=\"https:\/\/t.co\/mrAiYGMDWN\">pic.twitter.com\/mrAiYGMDWN<\/a><\/p>&mdash; Zona Roja Oaxaca (@MexRoja) <a href=\"https:\/\/twitter.com\/MexRoja\/status\/1304097101597478912?ref_src=twsrc%5Etfw\">10 de septiembre de 2020<\/a><\/blockquote><\/div>\n<\/div><\/figure>\n\n\n\n<p>CONTRA EDIL<\/p>\n\n\n\n<p>Mientras tanto, agentes municipales de San Jos\u00e9 del Progreso arribaron a la capital de Oaxaca y se apersonaron a las afueras de Palacio de Gobierno para exigir la liberaci\u00f3n de los recursos correspondientes a los ramos 28 y 33 fondo 3 y 4 y dem\u00e1s recursos extraordinarios.&nbsp;<\/p>\n\n\n\n<p>Explicaron que las comunidades de Maguey Largo, Porvenir, Los V\u00e1squez y La Chilana, se encuentran en el total abandono por parte de la autoridad municipal quien solo destina entre dos mil y 15 mil pesos por comunidad, a pesar de que existen recursos federales que son asignados de forma anual, sin contar los millones que se reciben de forma anual por la extracci\u00f3n de sus minerales por parte de empresas particulares.<\/p>\n\n\n\n<p>Los manifestantes dieron a conocer que en reiteradas ocasiones han buscado el dialogo con las autoridades municipales y estatales, sin embargo, no se ha podido consolidar raz\u00f3n por la cual decidieron hacer p\u00fablica su demanda de atenci\u00f3n y la necesidad de la entrega los presupuestos conforme a la ley, a fin de dar atenci\u00f3n a la poblaci\u00f3n que se enfrenta sin recursos a la pandemia.\u00a0 Finalmente anunciaron que, en caso de no ser escuchados y atendidos, por acuerdo de Asamblea determinaron realizaran bloqueos carreteros, as\u00ed como la toma de las instalaciones de la minera que se ubica en la poblaci\u00f3n, ello como medida de presi\u00f3n para obtener la libraci\u00f3n de los recursos estatales y federales, as\u00ed como participar en el convenio y fondo minero.<\/p>\n\n\n\n<figure class=\"wp-block-embed-twitter wp-block-embed is-type-rich is-provider-twitter\"><div class=\"wp-block-embed__wrapper\">\n<div class=\"twitter-tweet\"><blockquote class=\"twitter-tweet\" data-lang=\"es\"><p lang=\"es\" dir=\"ltr\"><a href=\"https:\/\/twitter.com\/hashtag\/ENVIVO?src=hash&amp;ref_src=twsrc%5Etfw\">#ENVIVO<\/a><br>Oaxaca de Ju\u00e1rez, Oax., 10 de septiembre de 2020.- en conferencia de prensa, autoridades de agencias del municipio de San Jos\u00e9 del Progreso denuncian nulo apoyo del edil a las comunidades.<br><br>Aqu\u00ed la transmisi\u00f3n \ud83d\udc47<a href=\"https:\/\/t.co\/lCVjvw2ur9\">https:\/\/t.co\/lCVjvw2ur9<\/a> <a href=\"https:\/\/t.co\/eQvhB1kp2Z\">pic.twitter.com\/eQvhB1kp2Z<\/a><\/p>&mdash; Zona Roja Oaxaca (@MexRoja) <a href=\"https:\/\/twitter.com\/MexRoja\/status\/1304105450787536897?ref_src=twsrc%5Etfw\">10 de septiembre de 2020<\/a><\/blockquote><\/div>\n<\/div><\/figure>\n","protected":false},"excerpt":{"rendered":"<p>Evlin Arag\u00f3n\/Zona Roja. Oaxaca de Ju\u00e1rez, Oax., 10 de septiembre de 2020.- Desde temprana hora&hellip;<\/p>\n","protected":false},"author":2,"featured_media":17435,"comment_status":"closed","ping_status":"open","sticky":false,"template":"","format":"standard","meta":{"_lmt_disableupdate":"","_lmt_disable":"","_jetpack_memberships_contains_paid_content":false,"footnotes":""},"categories":[109,47],"tags":[1785],"class_list":["post-17434","post","type-post","status-publish","format-standard","has-post-thumbnail","hentry","category-minuto-a-minuto","category-zona-gris","tag-movimiento-antorcha-campesina"],"jetpack_featured_media_url":"https:\/\/zonaroja.com.mx\/wp-content\/uploads\/2020\/09\/c9d90d53-00c4-4322-83b6-7a5251c8dde1.jpg","jetpack_sharing_enabled":true,"_links":{"self":[{"href":"https:\/\/zonaroja.com.mx\/index.php?rest_route=\/wp\/v2\/posts\/17434","targetHints":{"allow":["GET"]}}],"collection":[{"href":"https:\/\/zonaroja.com.mx\/index.php?rest_route=\/wp\/v2\/posts"}],"about":[{"href":"https:\/\/zonaroja.com.mx\/index.php?rest_route=\/wp\/v2\/types\/post"}],"author":[{"embeddable":true,"href":"https:\/\/zonaroja.com.mx\/index.php?rest_route=\/wp\/v2\/users\/2"}],"replies":[{"embeddable":true,"href":"https:\/\/zonaroja.com.mx\/index.php?rest_route=%2Fwp%2Fv2%2Fcomments&post=17434"}],"version-history":[{"count":1,"href":"https:\/\/zonaroja.com.mx\/index.php?rest_route=\/wp\/v2\/posts\/17434\/revisions"}],"predecessor-version":[{"id":17436,"href":"https:\/\/zonaroja.com.mx\/index.php?rest_route=\/wp\/v2\/posts\/17434\/revisions\/17436"}],"wp:featuredmedia":[{"embeddable":true,"href":"https:\/\/zonaroja.com.mx\/index.php?rest_route=\/wp\/v2\/media\/17435"}],"wp:attachment":[{"href":"https:\/\/zonaroja.com.mx\/index.php?rest_route=%2Fwp%2Fv2%2Fmedia&parent=17434"}],"wp:term":[{"taxonomy":"category","embeddable":true,"href":"https:\/\/zonaroja.com.mx\/index.php?rest_route=%2Fwp%2Fv2%2Fcategories&post=17434"},{"taxonomy":"post_tag","embeddable":true,"href":"https:\/\/zonaroja.com.mx\/index.php?rest_route=%2Fwp%2Fv2%2Ftags&post=17434"}],"curies":[{"name":"wp","href":"https:\/\/api.w.org\/{rel}","templated":true}]}}