{"id":17437,"date":"2020-09-10T15:11:52","date_gmt":"2020-09-10T20:11:52","guid":{"rendered":"http:\/\/www.zonaroja.com.mx\/?p=17437"},"modified":"2020-09-10T15:17:14","modified_gmt":"2020-09-10T20:17:14","slug":"exigen-desde-congreso-de-oaxaca-atencion-de-segego-en-bloqueo-de-chimalapa","status":"publish","type":"post","link":"https:\/\/zonaroja.com.mx\/?p=17437","title":{"rendered":"Exigen desde Congreso de Oaxaca atenci\u00f3n de Segego en bloqueo de Chimalapa"},"content":{"rendered":"\n<p>Yuridiana Sosa\/Zona Roja.<\/p>\n\n\n\n<p>Oaxaca de Ju\u00e1rez, Oax., 10 de septiembre de 2020.- Frente a un posible enfrentamiento entre los habitantes de la cabecera de San Miguel Chimalapa y vecinos de las agencias que mantienen un bloqueo carretero desde hace m\u00e1s dos semanas, la diputada Migdalia Espinosa Manuel urgi\u00f3 a la Secretar\u00eda General de Gobierno (Segegp) su intervenci\u00f3n para desactivar la manifestaci\u00f3n, que ha generado divisi\u00f3n.<\/p>\n\n\n\n<p>\u201cHago un llamado en\u00e9rgico a la Segego para no permitir un derramamiento de sangre\u201d, manifest\u00f3 la legisladora de Morena, pues pobladores de San Miguel comenzaron a organizarse para retirar por cuenta propia la obstrucci\u00f3n de la vialidad que conduce a la carretera federal y que los mantienen \u201csecuestrados\u201d desde hace 17 d\u00edas.<\/p>\n\n\n\n<p>La diputada lament\u00f3 la ineficiente atenci\u00f3n de la Segego en el caso, pues de acuerdo con sus informes, el Gobierno del Estado ha sido incapaz de controlar a un grupo reducido de personas que instalaron el bloqueo y que han violado acuerdos establecidos para solucionar el problema.<\/p>\n\n\n\n<figure class=\"wp-block-embed-twitter wp-block-embed is-type-rich is-provider-twitter\"><div class=\"wp-block-embed__wrapper\">\n<div class=\"twitter-tweet\"><blockquote class=\"twitter-tweet\" data-lang=\"es\"><p lang=\"es\" dir=\"ltr\">Ayer durante la sesi\u00f3n del <a href=\"https:\/\/twitter.com\/CongresoOaxLXIV?ref_src=twsrc%5Etfw\">@CongresoOaxLXIV<\/a>, la diputada Migdalia Espinosa lament\u00f3 la inacci\u00f3n del <a href=\"https:\/\/twitter.com\/GobOax?ref_src=twsrc%5Etfw\">@GobOax<\/a> a trav\u00e9s de la <a href=\"https:\/\/twitter.com\/SEGEGO_GobOax?ref_src=twsrc%5Etfw\">@SEGEGO_GobOax<\/a>, para desbloquear la carretera a San Miguel Chimalapa, bloqueada desde hace m\u00e1s de dos semanas por parte de un grupo de priistas. <a href=\"https:\/\/t.co\/2G1nmU2juO\">pic.twitter.com\/2G1nmU2juO<\/a><\/p>&mdash; Zona Roja Oaxaca (@MexRoja) <a href=\"https:\/\/twitter.com\/MexRoja\/status\/1304118986293088258?ref_src=twsrc%5Etfw\">10 de septiembre de 2020<\/a><\/blockquote><\/div>\n<\/div><\/figure>\n\n\n\n<p>Durante su participaci\u00f3n ante el pleno de la 64 Legislatura en sesi\u00f3n ordinaria de este mi\u00e9rcoles, dijo que los manifestantes son habitantes de cinco agencias que simpatizan con el Partido Revolucionario Institucional (PRI), quienes exig\u00edan el en efectivo el dinero de las obras p\u00fablicas que se ejercen con recursos del Ramo 33.<\/p>\n\n\n\n<p>La semana pasada, detall\u00f3, se estableci\u00f3 un acuerdo entre las partes involucradas donde aceptan el retiro del bloqueo luego que las autoridades de fiscalizaci\u00f3n explicaron que el dinero no puede ser entregado en efectivo, sin embargo, rompieron el acuerdo y regresaron a bloquear ahora con la exigencia de \u201cun pago por el tiempo que han permanecido\u201d.<\/p>\n\n\n\n<p>No obstante, los habitantes de la cabecera municipal tambi\u00e9n denunciaron la inacci\u00f3n del edil Francisco S\u00e1nchez Guti\u00e9rrez, quien tampoco los ha recibido en su demanda social a pesar que los alimentos escasean y han encarecido.<\/p>\n\n\n\n<p>En San Miguel Chimalapa las familias ind\u00edgenas zoques se han visto obligadas a caminar por m\u00e1s de nueve kil\u00f3metros, por lo menos, para conseguir insumos.<\/p>\n\n\n\n<p>Un casillero de huevo ha alcanzado los 150 pesos y un viaje de carga en caballo en 200 pesos, lo cual empeora las condiciones para decenas de familias.<\/p>\n\n\n\n<p>Motivo por el que la poblaci\u00f3n exige la urgente intervenci\u00f3n de las autoridades federales para el retiro del bloqueo que ha empeorado la situaci\u00f3n de los ind\u00edgenas en medio de la contingencia por Covid-19.<\/p>\n","protected":false},"excerpt":{"rendered":"<p>Yuridiana Sosa\/Zona Roja. Oaxaca de Ju\u00e1rez, Oax., 10 de septiembre de 2020.- Frente a un&hellip;<\/p>\n","protected":false},"author":2,"featured_media":17438,"comment_status":"closed","ping_status":"open","sticky":false,"template":"","format":"standard","meta":{"_lmt_disableupdate":"","_lmt_disable":"","_jetpack_memberships_contains_paid_content":false,"footnotes":""},"categories":[1],"tags":[],"class_list":["post-17437","post","type-post","status-publish","format-standard","has-post-thumbnail","hentry","category-sin-categoria"],"jetpack_featured_media_url":"https:\/\/zonaroja.com.mx\/wp-content\/uploads\/2020\/09\/San-Miguel-Chimalapa.jpg","jetpack_sharing_enabled":true,"_links":{"self":[{"href":"https:\/\/zonaroja.com.mx\/index.php?rest_route=\/wp\/v2\/posts\/17437","targetHints":{"allow":["GET"]}}],"collection":[{"href":"https:\/\/zonaroja.com.mx\/index.php?rest_route=\/wp\/v2\/posts"}],"about":[{"href":"https:\/\/zonaroja.com.mx\/index.php?rest_route=\/wp\/v2\/types\/post"}],"author":[{"embeddable":true,"href":"https:\/\/zonaroja.com.mx\/index.php?rest_route=\/wp\/v2\/users\/2"}],"replies":[{"embeddable":true,"href":"https:\/\/zonaroja.com.mx\/index.php?rest_route=%2Fwp%2Fv2%2Fcomments&post=17437"}],"version-history":[{"count":2,"href":"https:\/\/zonaroja.com.mx\/index.php?rest_route=\/wp\/v2\/posts\/17437\/revisions"}],"predecessor-version":[{"id":17441,"href":"https:\/\/zonaroja.com.mx\/index.php?rest_route=\/wp\/v2\/posts\/17437\/revisions\/17441"}],"wp:featuredmedia":[{"embeddable":true,"href":"https:\/\/zonaroja.com.mx\/index.php?rest_route=\/wp\/v2\/media\/17438"}],"wp:attachment":[{"href":"https:\/\/zonaroja.com.mx\/index.php?rest_route=%2Fwp%2Fv2%2Fmedia&parent=17437"}],"wp:term":[{"taxonomy":"category","embeddable":true,"href":"https:\/\/zonaroja.com.mx\/index.php?rest_route=%2Fwp%2Fv2%2Fcategories&post=17437"},{"taxonomy":"post_tag","embeddable":true,"href":"https:\/\/zonaroja.com.mx\/index.php?rest_route=%2Fwp%2Fv2%2Ftags&post=17437"}],"curies":[{"name":"wp","href":"https:\/\/api.w.org\/{rel}","templated":true}]}}