{"id":17451,"date":"2020-09-10T21:17:24","date_gmt":"2020-09-11T02:17:24","guid":{"rendered":"http:\/\/www.zonaroja.com.mx\/?p=17451"},"modified":"2020-09-10T21:17:28","modified_gmt":"2020-09-11T02:17:28","slug":"flavio-sosa-denuncia-que-ine-quiere-dejarlo-fuera-de-candidatura-para-dirigir-morena","status":"publish","type":"post","link":"https:\/\/zonaroja.com.mx\/?p=17451","title":{"rendered":"Flavio Sosa denuncia que INE quiere dejarlo fuera de candidatura para dirigir Morena"},"content":{"rendered":"\n<p>Yuridiana Sosa\/Zona Roja.<\/p>\n\n\n\n<p>Oaxaca de Ju\u00e1rez, Oax., 10 de septiembre de 2020.- El aspirante de la Secretar\u00eda General del Partido Morena, Flavio Sosa Villavicencio, denunci\u00f3 p\u00fablicamente que el Instituto Nacional Electoral (INE) pretende dejarlo fuera de la contienda, al no reconocerle su militancia en el partido.<\/p>\n\n\n\n<p>A trav\u00e9s de su cuenta de Twitter, el ex legislador de Oaxaca mostr\u00f3 la documentaci\u00f3n y credenciales que lo reconocen como militante del organismo pol\u00edtico, as\u00ed como el oficio en el que el INE cita que no encontr\u00f3 su identidad como miembro de ese partido.<\/p>\n\n\n\n<p>\u201cLe exijo al INE que deje de mentir y respete mis derechos pol\u00edticos. No vengan con cuentos, tengo todos los documentos que prueban mi militancia en Morena\u201d, escribi\u00f3 en una de sus publicaciones este jueves.<\/p>\n\n\n\n<p>El pasado 7 de septiembre Flavio Sosa acudi\u00f3 a su registro ante la Junta Local del INE en la capital del estado, pero el 9 de septiembre, a trav\u00e9s de la Direcci\u00f3n Ejecutiva de Prerrogativas y Partidos Pol\u00edticos, el instituto le envi\u00f3 un requerimiento por no completar los requisitos necesarios para su inscripci\u00f3n como aspirante a la candidatura a la Secretar\u00eda General del Comit\u00e9 Ejecutiva Nacional de Morena.<\/p>\n\n\n\n<figure class=\"wp-block-embed-twitter wp-block-embed is-type-rich is-provider-twitter\"><div class=\"wp-block-embed__wrapper\">\n<div class=\"twitter-tweet\"><blockquote class=\"twitter-tweet\" data-lang=\"es\"><p lang=\"es\" dir=\"ltr\">Le exijo al <a href=\"https:\/\/twitter.com\/INEMexico?ref_src=twsrc%5Etfw\">@INEMexico<\/a> que deje de mentir y respete mis derechos pol\u00edticos. No vengan con cuentos, tengo todos los documentos que prueban mi militancia en <a href=\"https:\/\/twitter.com\/hashtag\/MORENA?src=hash&amp;ref_src=twsrc%5Etfw\">#MORENA<\/a><br><br>Quiero una <a href=\"https:\/\/twitter.com\/hashtag\/IzquierdaConCausas?src=hash&amp;ref_src=twsrc%5Etfw\">#IzquierdaConCausas<\/a> y voy a defender mi candidatura a la <a href=\"https:\/\/twitter.com\/hashtag\/Secretar%C3%ADaGeneral?src=hash&amp;ref_src=twsrc%5Etfw\">#Secretar\u00edaGeneral<\/a><br><br>\u2611\ufe0f <a href=\"https:\/\/twitter.com\/hashtag\/FlavioSecretario?src=hash&amp;ref_src=twsrc%5Etfw\">#FlavioSecretario<\/a> <a href=\"https:\/\/t.co\/lgQuCk28xd\">pic.twitter.com\/lgQuCk28xd<\/a><\/p>&mdash; Flavio Sosa Villa.. (@flaviososavilla) <a href=\"https:\/\/twitter.com\/flaviososavilla\/status\/1304179884835721217?ref_src=twsrc%5Etfw\">10 de septiembre de 2020<\/a><\/blockquote><\/div>\n<\/div><\/figure>\n\n\n\n<p>En documento marcado con el n\u00famero INE\/DEPPP\/DE\/DAGT\/7044\/2020, cit\u00f3 que \u201cen el archivo de esta Direcci\u00f3n Ejecutiva, espec\u00edficamente en el Sistema de Verificaci\u00f3n del Padr\u00f3n de Afiliaci\u00f3n de los Partido Pol\u00edticos en el que se encuentra el padr\u00f3n de militantes capturados por el Partido Pol\u00edtico Nacional denominado Morena, al realizar la b\u00fasqueda con su clave de elector se advierte que no se encuentra registrado como militante\u201d.<\/p>\n\n\n\n<p>El dirigente social y ex activista en la Asamblea Popular de los Pueblos de Oaxaca revir\u00f3:<\/p>\n\n\n\n<p>\u201c\u00bfOlvidan que fui representante de Morena ante el consejo local del INE?\u201d, \u201cQuiero una izquierda con causas y voy a defender mi candidatura a la Secretar\u00eda General\u201d.<\/p>\n\n\n\n<p>Sosa Villavicencio exhibi\u00f3 el documento de su afiliaci\u00f3n a Morena, con fecha de registro el 23 de mayo de 2018, adem\u00e1s del c\u00f3digo QR, y agreg\u00f3 en otras publicaciones que \u201cconocedor del actuar del INE en mi registro mostr\u00e9 a la prensa mi constancia electr\u00f3nica de afiliaci\u00f3n, misma que entregu\u00e9\u201d.<\/p>\n\n\n\n<figure class=\"wp-block-embed-twitter wp-block-embed is-type-rich is-provider-twitter\"><div class=\"wp-block-embed__wrapper\">\n<div class=\"twitter-tweet\"><blockquote class=\"twitter-tweet\" data-lang=\"es\"><p lang=\"es\" dir=\"ltr\">Hemos respondido formalmente al <a href=\"https:\/\/twitter.com\/INEMexico?ref_src=twsrc%5Etfw\">@INEMexico<\/a> demostrando mi militancia en <a href=\"https:\/\/twitter.com\/CENMorenaMX?ref_src=twsrc%5Etfw\">@CENMorenaMX<\/a> <a href=\"https:\/\/twitter.com\/aramirezcuellar?ref_src=twsrc%5Etfw\">@aramirezcuellar<\/a> <a href=\"https:\/\/twitter.com\/diazpol?ref_src=twsrc%5Etfw\">@diazpol<\/a> <a href=\"https:\/\/twitter.com\/julioastillero?ref_src=twsrc%5Etfw\">@julioastillero<\/a> <a href=\"https:\/\/twitter.com\/alvaro_delgado?ref_src=twsrc%5Etfw\">@alvaro_delgado<\/a> <a href=\"https:\/\/twitter.com\/paezvarela?ref_src=twsrc%5Etfw\">@paezvarela<\/a> <a href=\"https:\/\/twitter.com\/May_Garcia_M?ref_src=twsrc%5Etfw\">@May_Garcia_M<\/a> <a href=\"https:\/\/twitter.com\/rosyramales?ref_src=twsrc%5Etfw\">@rosyramales<\/a> <a href=\"https:\/\/twitter.com\/HistoriaPedro?ref_src=twsrc%5Etfw\">@HistoriaPedro<\/a> <a href=\"https:\/\/twitter.com\/epigmenioibarra?ref_src=twsrc%5Etfw\">@epigmenioibarra<\/a> <a href=\"https:\/\/twitter.com\/Eltiotonysoy?ref_src=twsrc%5Etfw\">@Eltiotonysoy<\/a> <a href=\"https:\/\/t.co\/WXBFx2cUy7\">pic.twitter.com\/WXBFx2cUy7<\/a><\/p>&mdash; Flavio Sosa Villa.. (@flaviososavilla) <a href=\"https:\/\/twitter.com\/flaviososavilla\/status\/1304206983554236416?ref_src=twsrc%5Etfw\">10 de septiembre de 2020<\/a><\/blockquote><\/div>\n<\/div><\/figure>\n\n\n\n<p>El activista de Morena en Oaxaca tambi\u00e9n dijo: \u201cSe\u00f1ores del INE, antes de pretender dejarme fuera, revisen en los documentos que entregu\u00e9, ah\u00ed encontrar\u00e1n mi constancia de afiliaci\u00f3n\u201d.<\/p>\n\n\n\n<p>El INE estableci\u00f3 que a m\u00e1s tardar el 11 de septiembre, la Direcci\u00f3n Ejecutiva de Prerrogativas y Partidos Pol\u00edticos realizar\u00e1 el an\u00e1lisis de las solicitudes recibidas y el 12 de septiembre, la Comisi\u00f3n de Prerrogativas y Partidos Pol\u00edticos aprobar\u00eda el listado de las candidaturas que cumplan con los requisitos.<\/p>\n\n\n\n<figure class=\"wp-block-embed-twitter wp-block-embed is-type-rich is-provider-twitter\"><div class=\"wp-block-embed__wrapper\">\n<div class=\"twitter-tweet\"><blockquote class=\"twitter-tweet\" data-lang=\"es\"><p lang=\"es\" dir=\"ltr\">La diputada <a href=\"https:\/\/twitter.com\/Magaly_LopezOax?ref_src=twsrc%5Etfw\">@Magaly_LopezOax<\/a> expres\u00f3 su respaldo a la candidatura de <a href=\"https:\/\/twitter.com\/flaviososavilla?ref_src=twsrc%5Etfw\">@flaviososavilla<\/a>, a secretario General del Partido Morena a nivel nacional; le \u201creconozco y brindo mi apoyo a nuestro compa\u00f1ero, quien es un activista comprometido con las causas comunes\u201d, dijo. <a href=\"https:\/\/t.co\/LD4mXrxf3b\">pic.twitter.com\/LD4mXrxf3b<\/a><\/p>&mdash; Zona Roja Oaxaca (@MexRoja) <a href=\"https:\/\/twitter.com\/MexRoja\/status\/1304238829038178305?ref_src=twsrc%5Etfw\">11 de septiembre de 2020<\/a><\/blockquote><\/div>\n<\/div><\/figure>\n","protected":false},"excerpt":{"rendered":"<p>Yuridiana Sosa\/Zona Roja. Oaxaca de Ju\u00e1rez, Oax., 10 de septiembre de 2020.- El aspirante de&hellip;<\/p>\n","protected":false},"author":2,"featured_media":17452,"comment_status":"closed","ping_status":"open","sticky":false,"template":"","format":"standard","meta":{"_lmt_disableupdate":"","_lmt_disable":"","_jetpack_memberships_contains_paid_content":false,"footnotes":""},"categories":[109,46],"tags":[685],"class_list":["post-17451","post","type-post","status-publish","format-standard","has-post-thumbnail","hentry","category-minuto-a-minuto","category-zona-blanca","tag-flavio-sosa-villavicencio"],"jetpack_featured_media_url":"https:\/\/zonaroja.com.mx\/wp-content\/uploads\/2020\/09\/Flavio-Sosa-INE.jpg","jetpack_sharing_enabled":true,"_links":{"self":[{"href":"https:\/\/zonaroja.com.mx\/index.php?rest_route=\/wp\/v2\/posts\/17451","targetHints":{"allow":["GET"]}}],"collection":[{"href":"https:\/\/zonaroja.com.mx\/index.php?rest_route=\/wp\/v2\/posts"}],"about":[{"href":"https:\/\/zonaroja.com.mx\/index.php?rest_route=\/wp\/v2\/types\/post"}],"author":[{"embeddable":true,"href":"https:\/\/zonaroja.com.mx\/index.php?rest_route=\/wp\/v2\/users\/2"}],"replies":[{"embeddable":true,"href":"https:\/\/zonaroja.com.mx\/index.php?rest_route=%2Fwp%2Fv2%2Fcomments&post=17451"}],"version-history":[{"count":1,"href":"https:\/\/zonaroja.com.mx\/index.php?rest_route=\/wp\/v2\/posts\/17451\/revisions"}],"predecessor-version":[{"id":17453,"href":"https:\/\/zonaroja.com.mx\/index.php?rest_route=\/wp\/v2\/posts\/17451\/revisions\/17453"}],"wp:featuredmedia":[{"embeddable":true,"href":"https:\/\/zonaroja.com.mx\/index.php?rest_route=\/wp\/v2\/media\/17452"}],"wp:attachment":[{"href":"https:\/\/zonaroja.com.mx\/index.php?rest_route=%2Fwp%2Fv2%2Fmedia&parent=17451"}],"wp:term":[{"taxonomy":"category","embeddable":true,"href":"https:\/\/zonaroja.com.mx\/index.php?rest_route=%2Fwp%2Fv2%2Fcategories&post=17451"},{"taxonomy":"post_tag","embeddable":true,"href":"https:\/\/zonaroja.com.mx\/index.php?rest_route=%2Fwp%2Fv2%2Ftags&post=17451"}],"curies":[{"name":"wp","href":"https:\/\/api.w.org\/{rel}","templated":true}]}}