{"id":17454,"date":"2020-09-10T21:31:25","date_gmt":"2020-09-11T02:31:25","guid":{"rendered":"http:\/\/www.zonaroja.com.mx\/?p=17454"},"modified":"2020-09-10T21:31:29","modified_gmt":"2020-09-11T02:31:29","slug":"onu-pide-sancionar-a-responsables-de-ataques-contra-consorcio-y-periodista-oaxaquena","status":"publish","type":"post","link":"https:\/\/zonaroja.com.mx\/?p=17454","title":{"rendered":"ONU pide sancionar a responsables de ataques contra Consorcio y periodista oaxaque\u00f1a"},"content":{"rendered":"\n<p>Evlin Arag\u00f3n\/Zona Roja.<\/p>\n\n\n\n<p>Oaxaca de Ju\u00e1rez, Oax., 10 de septiembre de 2020.- Al menos cuatro relatores especiales y un grupo de trabajo de la Organizaci\u00f3n de las Naciones Unidas (ONU), emitieron una Acci\u00f3n Urgente dirigida al Estado mexicano, para atender las intimidaciones y amenaza de muerte colocada en las oficinas de la organizaci\u00f3n Consorcio Oaxaca, el pasado 15 de junio.&nbsp;<\/p>\n\n\n\n<p>La m\u00e1xima autoridad en la defensa de los derechos humanos, manifest\u00f3 su preocupaci\u00f3n toda vez que a casi tres meses del ataque, no existe avance alguno por parte de las autoridades de procuraci\u00f3n de justicia en Oaxaca, encabezadas por el fiscal Rub\u00e9n Vasconcelos M\u00e9ndez, lo que demuestra que no existe inter\u00e9s por garantizar seguridad para quienes integran la organizaci\u00f3n.&nbsp;<\/p>\n\n\n\n<p>\u201cNos preocupa que dicha impunidad socave la lucha contra la violencia de g\u00e9nero y el feminicidio en Oaxaca e impida aprender de lo ocurrido para asegurar que los hechos no se vuelvan a repetir\u201d, refieren las diferentes instancias al interior de la ONU.<\/p>\n\n\n\n<p>Las y los especialista recordaron que el ataque se dio en el contexto de la campa\u00f1a #HastaQueLaJusticiaLlegue, iniciada por la periodista y defensora Soledad Jarqu\u00edn Edgar, para exigir justicia por el feminicidio de su hija, Mar\u00eda del Sol Cruz Jarqu\u00edn, asesinada el 2 de junio de 2018 en Juchit\u00e1n de Zaragoza.<\/p>\n\n\n\n<figure class=\"wp-block-embed-twitter wp-block-embed is-type-rich is-provider-twitter\"><div class=\"wp-block-embed__wrapper\">\n<div class=\"twitter-tweet\"><blockquote class=\"twitter-tweet\" data-lang=\"es\"><p lang=\"es\" dir=\"ltr\">\ud83d\udcc4Cuatro Relatores Especiales y un Grupo de Trabajo de la ONU hacen p\u00fablica la Acci\u00f3n Urgente UA MEX 7\/2020, misma que enviaron al Estado Mexicano luego de las intimidaciones y de la amenaza de muerte hacia Consorcio Oaxaca y <a href=\"https:\/\/twitter.com\/jarquinedgar?ref_src=twsrc%5Etfw\">@jarquinedgar<\/a><a href=\"https:\/\/twitter.com\/hashtag\/bolet%C3%ADn?src=hash&amp;ref_src=twsrc%5Etfw\">#bolet\u00edn<\/a> \ud83d\udc49 <a href=\"https:\/\/t.co\/bMZUhWhzSO\">https:\/\/t.co\/bMZUhWhzSO<\/a> <a href=\"https:\/\/t.co\/ejDisYI2n1\">pic.twitter.com\/ejDisYI2n1<\/a><\/p>&mdash; Consorcio Oaxaca (@consorciooaxaca) <a href=\"https:\/\/twitter.com\/consorciooaxaca\/status\/1303742095497334790?ref_src=twsrc%5Etfw\">9 de septiembre de 2020<\/a><\/blockquote><\/div>\n<\/div><\/figure>\n\n\n\n<p>Raz\u00f3n por la que tambi\u00e9n solicitaron al Estado mexicano informaci\u00f3n sobre los avances en las investigaciones, no solo de los ataques contra Consorcio Oaxaca y Soledad Jarqu\u00edn, sino tambi\u00e9n en el caso del feminicidio de Mar\u00eda del Sol Cruz Jarqu\u00edn.<\/p>\n\n\n\n<p>De igual forma, le instaron a tomar todas las medidas necesarias para castigar a los responsables y establecer acciones espec\u00edficas para garantizar la protecci\u00f3n de las defensoras y garantizar as\u00ed la no repetici\u00f3n de la agresi\u00f3n en su contra.&nbsp;<\/p>\n\n\n\n<p>La Acci\u00f3n Urgente UA MEX 7\/2020 fue suscrita por Mary Lawlor, Relatora Especial sobre la situaci\u00f3n de las personas defensoras de derechos humanos, Dubravka \u0160imonovi\u0107, Relatora Especial sobre la Violencia Contra la Mujer; Agnes Callamard, Relatora Especial sobre Ejecuciones Extrajudiciales, Sumarias o Arbitrarias; Clement Nyaletsossi Voule, Relator Especial sobre el Derecho a la Libertad de Reuni\u00f3n Pac\u00edfica y de Asociaci\u00f3n, y Elizabeth Broderick, Presidenta del Grupo de Trabajo sobre la Discriminaci\u00f3n contra las Mujeres y las Ni\u00f1as.<\/p>\n\n\n\n<p>La amenaza en contra de Consorcio Oaxaca se registr\u00f3 el viernes 15 de junio cuando sujetos desconocidos dejaron en el exterior de sus oficinas una bolsa negra con carne y un mensaje amenazante escrito en una cartulina, que de forma textual refer\u00eda \u201cVAJALE DE HUEVOS PERRA LA PR\u00d3XIMA ES LA TUYA ATTE. CJNG\u2019\u201d.&nbsp;&nbsp; Desde que sucedieron los hechos, diversas organizaciones internacionales, nacionales y estatales se han manifestado para exigir una investigaci\u00f3n seria y responsable que de c\u00f3mo resultado la identificaci\u00f3n y sanci\u00f3n de los responsables, as\u00ed como se garantice la no repetici\u00f3n de tan lamentable acto que vulnera la integridad de las defensoras de los derechos de las mujeres.<\/p>\n","protected":false},"excerpt":{"rendered":"<p>Evlin Arag\u00f3n\/Zona Roja. Oaxaca de Ju\u00e1rez, Oax., 10 de septiembre de 2020.- Al menos cuatro&hellip;<\/p>\n","protected":false},"author":2,"featured_media":13766,"comment_status":"closed","ping_status":"open","sticky":false,"template":"","format":"standard","meta":{"_lmt_disableupdate":"","_lmt_disable":"","_jetpack_memberships_contains_paid_content":false,"footnotes":""},"categories":[109,47],"tags":[548],"class_list":["post-17454","post","type-post","status-publish","format-standard","has-post-thumbnail","hentry","category-minuto-a-minuto","category-zona-gris","tag-consorcio-oaxaca"],"jetpack_featured_media_url":"https:\/\/zonaroja.com.mx\/wp-content\/uploads\/2020\/06\/Cabeza-sede-Consorcio.jpg","jetpack_sharing_enabled":true,"_links":{"self":[{"href":"https:\/\/zonaroja.com.mx\/index.php?rest_route=\/wp\/v2\/posts\/17454","targetHints":{"allow":["GET"]}}],"collection":[{"href":"https:\/\/zonaroja.com.mx\/index.php?rest_route=\/wp\/v2\/posts"}],"about":[{"href":"https:\/\/zonaroja.com.mx\/index.php?rest_route=\/wp\/v2\/types\/post"}],"author":[{"embeddable":true,"href":"https:\/\/zonaroja.com.mx\/index.php?rest_route=\/wp\/v2\/users\/2"}],"replies":[{"embeddable":true,"href":"https:\/\/zonaroja.com.mx\/index.php?rest_route=%2Fwp%2Fv2%2Fcomments&post=17454"}],"version-history":[{"count":1,"href":"https:\/\/zonaroja.com.mx\/index.php?rest_route=\/wp\/v2\/posts\/17454\/revisions"}],"predecessor-version":[{"id":17455,"href":"https:\/\/zonaroja.com.mx\/index.php?rest_route=\/wp\/v2\/posts\/17454\/revisions\/17455"}],"wp:featuredmedia":[{"embeddable":true,"href":"https:\/\/zonaroja.com.mx\/index.php?rest_route=\/wp\/v2\/media\/13766"}],"wp:attachment":[{"href":"https:\/\/zonaroja.com.mx\/index.php?rest_route=%2Fwp%2Fv2%2Fmedia&parent=17454"}],"wp:term":[{"taxonomy":"category","embeddable":true,"href":"https:\/\/zonaroja.com.mx\/index.php?rest_route=%2Fwp%2Fv2%2Fcategories&post=17454"},{"taxonomy":"post_tag","embeddable":true,"href":"https:\/\/zonaroja.com.mx\/index.php?rest_route=%2Fwp%2Fv2%2Ftags&post=17454"}],"curies":[{"name":"wp","href":"https:\/\/api.w.org\/{rel}","templated":true}]}}