{"id":17456,"date":"2020-09-11T08:00:05","date_gmt":"2020-09-11T13:00:05","guid":{"rendered":"http:\/\/www.zonaroja.com.mx\/?p=17456"},"modified":"2020-09-10T21:44:27","modified_gmt":"2020-09-11T02:44:27","slug":"unen-esfuerzos-poder-judicial-y-equis-justicia-a-favor-de-las-mujeres","status":"publish","type":"post","link":"https:\/\/zonaroja.com.mx\/?p=17456","title":{"rendered":"Unen esfuerzos Poder Judicial y Equis Justicia a favor de las mujeres"},"content":{"rendered":"\n<p>Redacci\u00f3n\/Zona Roja.<\/p>\n\n\n\n<p>Oaxaca de Ju\u00e1rez, Oax., 10 de septiembre de 2020.- En la labor de fortalecer la impartici\u00f3n de justicia con enfoque humano y perspectiva de g\u00e9nero, el Poder Judicial de Oaxaca, que preside el magistrado Eduardo Pinacho S\u00e1nchez, en coordinaci\u00f3n con la Asociaci\u00f3n Civil Equis, Justicia para Mujeres, lleva a cabo trabajos para implementar el proyecto \u201cFortalecimiento de la respuesta de las instituciones de justicia ante el aumento de violencia contra las mujeres y ni\u00f1as durante la pandemia del Covid-19\u201d.<\/p>\n\n\n\n<p>El objetivo principal de la propuesta, cuya ejecuci\u00f3n es apoyada por la Embajada de Canad\u00e1, es reforzar la emisi\u00f3n de \u00f3rdenes de protecci\u00f3n como un mecanismo sencillo, eficaz y r\u00e1pido con el que cuentan las mujeres, ni\u00f1os y ni\u00f1as que sufren alg\u00fan tipo de violencia, de manera especial, en la etapa de contingencia sanitaria.<\/p>\n\n\n\n<p>En este lazo de colaboraci\u00f3n se tienen programadas mesas de trabajo, reuniones, revisi\u00f3n de \u00f3rdenes de protecci\u00f3n y capacitaci\u00f3n a juzgadores y juzgadoras para la emisi\u00f3n de este instrumento valioso que coadyuvar\u00e1 en la erradicaci\u00f3n de la violencia contra las mujeres.<\/p>\n\n\n\n<p>Dentro de los objetivos del proyecto se encuentran dotar de herramientas te\u00f3ricas y pr\u00e1cticas a personas juzgadoras para facilitar el an\u00e1lisis del riesgo en el que se encuentran las mujeres que viven violencia; as\u00ed como fortalecer sus capacidades en materia de \u00f3rdenes de protecci\u00f3n para mejorar la atenci\u00f3n a mujeres que viven violencia durante la contingencia.<\/p>\n\n\n\n<p>Tambi\u00e9n generar espacios de di\u00e1logo entre poderes judiciales y organizaciones de la sociedad civil respecto al funcionamiento de las \u00f3rdenes de protecci\u00f3n.<\/p>\n\n\n\n<p>Con estas acciones, el Poder Judicial del Estado, a trav\u00e9s de la Direcci\u00f3n de Derechos Humanos, encamina su labor en mantener una impartici\u00f3n de justicia con enfoque humano, perspectiva de g\u00e9nero y haciendo valer los diversos tratados internacionales de los que M\u00e9xico es parte.<\/p>\n\n\n\n<p>De acuerdo con cifras del Banco Nacional de Datos e Informaci\u00f3n sobre casos de violencia contra las mujeres (Banavim), hasta el 10 de septiembre se registraban a nivel nacional 684 mil 383 casos; de los cuales, en Oaxaca se contabilizaban cuatro mil 659&nbsp;<\/p>\n","protected":false},"excerpt":{"rendered":"<p>Redacci\u00f3n\/Zona Roja. Oaxaca de Ju\u00e1rez, Oax., 10 de septiembre de 2020.- En la labor de&hellip;<\/p>\n","protected":false},"author":2,"featured_media":17457,"comment_status":"closed","ping_status":"open","sticky":false,"template":"","format":"standard","meta":{"_lmt_disableupdate":"","_lmt_disable":"","_jetpack_memberships_contains_paid_content":false,"footnotes":""},"categories":[109,46],"tags":[223],"class_list":["post-17456","post","type-post","status-publish","format-standard","has-post-thumbnail","hentry","category-minuto-a-minuto","category-zona-blanca","tag-poder-judicial-de-oaxaca"],"jetpack_featured_media_url":"https:\/\/zonaroja.com.mx\/wp-content\/uploads\/2020\/09\/Foto-Jueza.jpeg","jetpack_sharing_enabled":true,"_links":{"self":[{"href":"https:\/\/zonaroja.com.mx\/index.php?rest_route=\/wp\/v2\/posts\/17456","targetHints":{"allow":["GET"]}}],"collection":[{"href":"https:\/\/zonaroja.com.mx\/index.php?rest_route=\/wp\/v2\/posts"}],"about":[{"href":"https:\/\/zonaroja.com.mx\/index.php?rest_route=\/wp\/v2\/types\/post"}],"author":[{"embeddable":true,"href":"https:\/\/zonaroja.com.mx\/index.php?rest_route=\/wp\/v2\/users\/2"}],"replies":[{"embeddable":true,"href":"https:\/\/zonaroja.com.mx\/index.php?rest_route=%2Fwp%2Fv2%2Fcomments&post=17456"}],"version-history":[{"count":1,"href":"https:\/\/zonaroja.com.mx\/index.php?rest_route=\/wp\/v2\/posts\/17456\/revisions"}],"predecessor-version":[{"id":17458,"href":"https:\/\/zonaroja.com.mx\/index.php?rest_route=\/wp\/v2\/posts\/17456\/revisions\/17458"}],"wp:featuredmedia":[{"embeddable":true,"href":"https:\/\/zonaroja.com.mx\/index.php?rest_route=\/wp\/v2\/media\/17457"}],"wp:attachment":[{"href":"https:\/\/zonaroja.com.mx\/index.php?rest_route=%2Fwp%2Fv2%2Fmedia&parent=17456"}],"wp:term":[{"taxonomy":"category","embeddable":true,"href":"https:\/\/zonaroja.com.mx\/index.php?rest_route=%2Fwp%2Fv2%2Fcategories&post=17456"},{"taxonomy":"post_tag","embeddable":true,"href":"https:\/\/zonaroja.com.mx\/index.php?rest_route=%2Fwp%2Fv2%2Ftags&post=17456"}],"curies":[{"name":"wp","href":"https:\/\/api.w.org\/{rel}","templated":true}]}}