{"id":17462,"date":"2020-09-11T10:00:51","date_gmt":"2020-09-11T15:00:51","guid":{"rendered":"http:\/\/www.zonaroja.com.mx\/?p=17462"},"modified":"2020-09-11T19:35:58","modified_gmt":"2020-09-12T00:35:58","slug":"convocan-a-marcha-por-justicia-para-doctor-asesinado-en-la-costa","status":"publish","type":"post","link":"https:\/\/zonaroja.com.mx\/?p=17462","title":{"rendered":"Convocan a marcha por justicia para doctor asesinado en la Costa"},"content":{"rendered":"\n<p>Yuridiana Sosa\/Zona Roja.<\/p>\n\n\n\n<p>Oaxaca de Ju\u00e1rez, Oax., 11 de septiembre de 2020.- A una semana del asesinato del m\u00e9dico Jovani Ram\u00edrez Carbajal, en la regi\u00f3n de la Costa de Oaxaca, familiares y amigos convocan a la poblaci\u00f3n a una marcha el pr\u00f3ximo 12 de septiembre, a fin de exigir justicia.<\/p>\n\n\n\n<p>Los deudos de la v\u00edctima resaltaron en la convocatoria que la manifestaci\u00f3n tambi\u00e9n es para esclarecer la desaparici\u00f3n previa del galeno de 33 a\u00f1os de edad, quien fue reportado como no localizado ante la Fiscal\u00eda General del Estado, tras ser visto por \u00faltima vez la tarde del pasado 31 de agosto al salir del nosocomio donde labora, el Hospital Rural 35 del Instituto Mexicano del Seguro Social (IMSS) en Santiago Jamiltepec.<\/p>\n\n\n\n<p>Una semana despu\u00e9s, el pasado 5 de septiembre su cuerpo fue localizado sin vida y en estado de descomposici\u00f3n a las orillas del R\u00edo Verde, en la agencia municipal de Chacahua, del municipio de Villa de Tututepec.<\/p>\n\n\n\n<p>La marcha est\u00e1 programada para las 11:00 horas de este s\u00e1bado de las inmediaciones del antiguo centro laboral del m\u00e9dico, el Hospital del IMSS n\u00famero 35, con direcci\u00f3n al templo de Nuestra Virgen de los Remedios de esa poblaci\u00f3n, para demandar que la Fiscal\u00eda General del Estado investigue, detenga a los responsables y se aplique justicia.<\/p>\n","protected":false},"excerpt":{"rendered":"<p>Yuridiana Sosa\/Zona Roja. Oaxaca de Ju\u00e1rez, Oax., 11 de septiembre de 2020.- A una semana&hellip;<\/p>\n","protected":false},"author":2,"featured_media":17463,"comment_status":"closed","ping_status":"open","sticky":false,"template":"","format":"standard","meta":{"_lmt_disableupdate":"","_lmt_disable":"","_jetpack_memberships_contains_paid_content":false,"footnotes":""},"categories":[109,47],"tags":[],"class_list":["post-17462","post","type-post","status-publish","format-standard","has-post-thumbnail","hentry","category-minuto-a-minuto","category-zona-gris"],"jetpack_featured_media_url":"https:\/\/zonaroja.com.mx\/wp-content\/uploads\/2020\/09\/Justicia-para-Jovani.jpg","jetpack_sharing_enabled":true,"_links":{"self":[{"href":"https:\/\/zonaroja.com.mx\/index.php?rest_route=\/wp\/v2\/posts\/17462","targetHints":{"allow":["GET"]}}],"collection":[{"href":"https:\/\/zonaroja.com.mx\/index.php?rest_route=\/wp\/v2\/posts"}],"about":[{"href":"https:\/\/zonaroja.com.mx\/index.php?rest_route=\/wp\/v2\/types\/post"}],"author":[{"embeddable":true,"href":"https:\/\/zonaroja.com.mx\/index.php?rest_route=\/wp\/v2\/users\/2"}],"replies":[{"embeddable":true,"href":"https:\/\/zonaroja.com.mx\/index.php?rest_route=%2Fwp%2Fv2%2Fcomments&post=17462"}],"version-history":[{"count":1,"href":"https:\/\/zonaroja.com.mx\/index.php?rest_route=\/wp\/v2\/posts\/17462\/revisions"}],"predecessor-version":[{"id":17464,"href":"https:\/\/zonaroja.com.mx\/index.php?rest_route=\/wp\/v2\/posts\/17462\/revisions\/17464"}],"wp:featuredmedia":[{"embeddable":true,"href":"https:\/\/zonaroja.com.mx\/index.php?rest_route=\/wp\/v2\/media\/17463"}],"wp:attachment":[{"href":"https:\/\/zonaroja.com.mx\/index.php?rest_route=%2Fwp%2Fv2%2Fmedia&parent=17462"}],"wp:term":[{"taxonomy":"category","embeddable":true,"href":"https:\/\/zonaroja.com.mx\/index.php?rest_route=%2Fwp%2Fv2%2Fcategories&post=17462"},{"taxonomy":"post_tag","embeddable":true,"href":"https:\/\/zonaroja.com.mx\/index.php?rest_route=%2Fwp%2Fv2%2Ftags&post=17462"}],"curies":[{"name":"wp","href":"https:\/\/api.w.org\/{rel}","templated":true}]}}