{"id":17465,"date":"2020-09-11T07:46:14","date_gmt":"2020-09-11T12:46:14","guid":{"rendered":"http:\/\/www.zonaroja.com.mx\/?p=17465"},"modified":"2020-09-11T07:46:19","modified_gmt":"2020-09-11T12:46:19","slug":"interpol-emite-ficha-roja-contra-ex-procurador-de-oaxaca-por-caso-eperristas","status":"publish","type":"post","link":"https:\/\/zonaroja.com.mx\/?p=17465","title":{"rendered":"Interpol emite ficha roja contra ex procurador de Oaxaca por caso eperristas"},"content":{"rendered":"\n<p>Redacci\u00f3n\/Zona Roja.<\/p>\n\n\n\n<p>Oaxaca de Ju\u00e1rez, Oax., 11 de septiembre de 2020.- El ex procurador de Justicia de Oaxaca, Evencio Nicol\u00e1s Mart\u00ednez, quien cuentan con una orden de aprehensi\u00f3n por su probable participaci\u00f3n en la desaparici\u00f3n forzada de dos integrantes del Ej\u00e9rcito Popular Revolucionario (EPR), se le busca a nivel internacional mediante una ficha roja de la interpol a petici\u00f3n de la Fiscal\u00eda General de la Rep\u00fablica (FGR).<\/p>\n\n\n\n<p>De acuerdo con informaci\u00f3n de la Agencia Proceso, en esa misma ficha incluyen tambi\u00e9n la b\u00fasqueda del ex comandante de la polic\u00eda judicial, Pedro Hern\u00e1ndez Hern\u00e1ndez, por presuntos delitos de lesa humanidad.<\/p>\n\n\n\n<p>De acuerdo a la publicaci\u00f3n, el Comit\u00e9 de Familiares de Detenidos Desaparecidos Hasta Encontrarlos, celebr\u00f3 la emisi\u00f3n de la ficha roja de la Interpol para detener a los ex colaboradores del entonces gobernador Ulises Ruiz Ortiz, por la desaparici\u00f3n forzada de Gabriel Alberto Cruz S\u00e1nchez y Edmundo Reyes Amaya, cometida el 25 de mayo de 2007 en Oaxaca.<\/p>\n\n\n\n<p>El Comit\u00e9 Hasta Encontrarlos inform\u00f3 que al estar enterados de que el ex procurador Evencio Nicol\u00e1s Mart\u00ednez y el ex polic\u00eda Pedro Hern\u00e1ndez Hern\u00e1ndez a\u00fan no han sido detenidos, solicitaron a la Fiscal\u00eda Especial para la B\u00fasqueda de Personas Desaparecidas de la FGR que solicitara a Interpol la ficha roja para su localizaci\u00f3n y su detenci\u00f3n inmediata.<\/p>\n\n\n\n<p>Tras ello, la agente del Ministerio P\u00fablico de la Federaci\u00f3n que lleva el caso confirm\u00f3 que la ficha ya fue girada, as\u00ed como tambi\u00e9n la notificaci\u00f3n a migraci\u00f3n para la localizaci\u00f3n y detenci\u00f3n de estas dos personas que actualmente se encuentran pr\u00f3fugas.<\/p>\n\n\n\n<p>Reiteraron que es necesario llevar a comparecer a todos los involucrados en la comisi\u00f3n material e intelectual de este crimen de Estado y de lesa humanidad, donde adem\u00e1s est\u00e1n involucrados altos mandos del Ej\u00e9rcito y de la Marina, as\u00ed como tambi\u00e9n el exgobernador Ulises Ru\u00edz y el expresidente Felipe Calder\u00f3n.<\/p>\n\n\n\n<p>Esta ficha roja es para terminar de cumplir con las 10 \u00f3rdenes de aprehensi\u00f3n que se emitieron el pasado 7 de agosto, tras las cuales fueron detenidos ocho polic\u00edas, incluyendo el exdirector de la polic\u00eda judicial Daniel Camarena Flores.<\/p>\n\n\n\n<p>Exhortaron \u201ca la MP a continuar para que la investigaci\u00f3n y la sanci\u00f3n no se reduzca s\u00f3lo a las 10 \u00f3rdenes que existen, dado que la desaparici\u00f3n forzada es un crimen de lesa humanidad y la sanci\u00f3n va m\u00e1s all\u00e1 del \u00e1mbito local o estatal. Por lo que se tendr\u00e1 que investigar y juzgar a todos los involucrados que planearon este crimen de Estado, a todos aquellos que ejecutaron y participaron en la comisi\u00f3n de \u00e9ste y a los facilitadores, encubridores (como Enrique Pe\u00f1a Nieto) y los beneficiarios\u201d.<\/p>\n\n\n\n<p>Agregaron que, aunque los responsables de la desaparici\u00f3n forzada de Gabriel Alberto y Edmundo se enfrentan a un proceso jur\u00eddico, tanto los ocho detenidos como los dos pr\u00f3fugos de la justicia tienen abogados que los defienden e incluso el exprocurador pr\u00f3fugo ha interpuesto un amparo contra la detenci\u00f3n.<\/p>\n\n\n\n<p>Sin embargo, \u201cnadie los ha detenido arbitrariamente, nadie los ha torturado, nadie los ha detenido, desaparecido, (al contrario), enfrentan un proceso penal con todas las garant\u00edas de la ley. Mismos derechos humanos elementales que ellos como autoridades, como agentes del Estado, como servidores p\u00fablicos le negaron a Gabriel Alberto Cruz S\u00e1nchez y Edmundo Reyes Amaya, quienes siguen siendo v\u00edctimas del terrorismo de Estado\u201d.<\/p>\n\n\n\n<p>Finalmente siguieron exigiendo a la Suprema Corte de Justicia de la Naci\u00f3n (SCJN) que dictamine una sentencia a favor de sus familiares y de todas las v\u00edctimas de desaparici\u00f3n forzada en el pa\u00eds.<\/p>\n\n\n\n<p>El pasado 7 de agosto, un juez federal libr\u00f3 \u00f3rdenes de aprehensi\u00f3n en contra del exprocurador Evencio Nicol\u00e1s Mart\u00ednez Ram\u00edrez, y del exdirector de la Polic\u00eda Judicial, Daniel Camarena Flores, as\u00ed como de dos comandantes y cuatro elementos en activo de la Agencia Estatal de Investigaciones por su presunta participaci\u00f3n en la desaparici\u00f3n de los integrantes del EPR.<\/p>\n\n\n\n<p>(Con informaci\u00f3n de la Agencia Proceso)<\/p>\n","protected":false},"excerpt":{"rendered":"<p>Redacci\u00f3n\/Zona Roja. Oaxaca de Ju\u00e1rez, Oax., 11 de septiembre de 2020.- El ex procurador de&hellip;<\/p>\n","protected":false},"author":2,"featured_media":16045,"comment_status":"closed","ping_status":"open","sticky":false,"template":"","format":"standard","meta":{"_lmt_disableupdate":"","_lmt_disable":"","_jetpack_memberships_contains_paid_content":false,"footnotes":""},"categories":[109,47],"tags":[1895],"class_list":["post-17465","post","type-post","status-publish","format-standard","has-post-thumbnail","hentry","category-minuto-a-minuto","category-zona-gris","tag-evencio-nicolas-martinez-ramirez"],"jetpack_featured_media_url":"https:\/\/zonaroja.com.mx\/wp-content\/uploads\/2020\/08\/Evencio-Nicol\u00e1s-Mart\u00ednez-3.jpg","jetpack_sharing_enabled":true,"_links":{"self":[{"href":"https:\/\/zonaroja.com.mx\/index.php?rest_route=\/wp\/v2\/posts\/17465","targetHints":{"allow":["GET"]}}],"collection":[{"href":"https:\/\/zonaroja.com.mx\/index.php?rest_route=\/wp\/v2\/posts"}],"about":[{"href":"https:\/\/zonaroja.com.mx\/index.php?rest_route=\/wp\/v2\/types\/post"}],"author":[{"embeddable":true,"href":"https:\/\/zonaroja.com.mx\/index.php?rest_route=\/wp\/v2\/users\/2"}],"replies":[{"embeddable":true,"href":"https:\/\/zonaroja.com.mx\/index.php?rest_route=%2Fwp%2Fv2%2Fcomments&post=17465"}],"version-history":[{"count":1,"href":"https:\/\/zonaroja.com.mx\/index.php?rest_route=\/wp\/v2\/posts\/17465\/revisions"}],"predecessor-version":[{"id":17466,"href":"https:\/\/zonaroja.com.mx\/index.php?rest_route=\/wp\/v2\/posts\/17465\/revisions\/17466"}],"wp:featuredmedia":[{"embeddable":true,"href":"https:\/\/zonaroja.com.mx\/index.php?rest_route=\/wp\/v2\/media\/16045"}],"wp:attachment":[{"href":"https:\/\/zonaroja.com.mx\/index.php?rest_route=%2Fwp%2Fv2%2Fmedia&parent=17465"}],"wp:term":[{"taxonomy":"category","embeddable":true,"href":"https:\/\/zonaroja.com.mx\/index.php?rest_route=%2Fwp%2Fv2%2Fcategories&post=17465"},{"taxonomy":"post_tag","embeddable":true,"href":"https:\/\/zonaroja.com.mx\/index.php?rest_route=%2Fwp%2Fv2%2Ftags&post=17465"}],"curies":[{"name":"wp","href":"https:\/\/api.w.org\/{rel}","templated":true}]}}