{"id":17467,"date":"2020-09-11T07:49:54","date_gmt":"2020-09-11T12:49:54","guid":{"rendered":"http:\/\/www.zonaroja.com.mx\/?p=17467"},"modified":"2020-09-11T07:49:58","modified_gmt":"2020-09-11T12:49:58","slug":"piden-destitucion-del-encargado-de-imss-bienestar-oaxaca-por-presunta-corrupcion","status":"publish","type":"post","link":"https:\/\/zonaroja.com.mx\/?p=17467","title":{"rendered":"Piden destituci\u00f3n del encargado de IMSS-Bienestar Oaxaca, por presunta corrupci\u00f3n"},"content":{"rendered":"\n<p>Deimos S\u00e1nchez\/Estado 20.<\/p>\n\n\n\n<p>Oaxaca de Ju\u00e1rez, Oax., 11 de septiembre de 2020.- Un grupo de trabajadores del Programa IMSS-Bienestar acus\u00f3 al coordinador estatal, Miguel \u00c1ngel L\u00f3pez Ortiz, de haber incurrido en actos de tr\u00e1fico de influencias, abuso de poder y desv\u00edo de recursos durante los dos meses que ha permanecido en el cargo, por lo que, en una carta divulgada en redes sociales, pidieron su destituci\u00f3n.<\/p>\n\n\n\n<p>En la misiva, dirigida al director general del IMSS, Zo\u00e9 Robledo Aburto, los inconformes, quienes se identificaron como Grupo Organizado de Trabajadores IMSS-Bienestar Oaxaca, acusaron que L\u00f3pez Ortiz ha dispuesto para uso personal y con fines pol\u00edticos de material y equipo m\u00e9dico y de mantenimiento propiedad del IMSS Bienestar, adem\u00e1s de que, supuestamente, ha promovido el otorgamiento de contratos irregulares de obra p\u00fablica.<\/p>\n\n\n\n<p>Como ejemplo, los denunciantes, quienes en la carta no revelaron su nombre, sostuvieron que el coordinador estatal del IMSS-Bienestar, saque\u00f3 medicamentos, material de curaci\u00f3n y equipos de protecci\u00f3n de Covid 19 para donarlos al Frente Popular Revolucionario (FPR), una organizaci\u00f3n que durante las \u00faltimas semanas ha llevado a cabo m\u00faltiples actos de protesta en la ciudad de Oaxaca y zona conurbada.<\/p>\n\n\n\n<p>Los denunciantes indicaron que el material y el equipo que sustrajo el coordinador del IMSS Bienestar estaban destinados para la atenci\u00f3n de pacientes de hospitales ubicados al interior de la entidad, adem\u00e1s de que los insumos de protecci\u00f3n para evitar contagios por el nuevo coronavirus deben otorgarse bajo criterio m\u00e9dico.<\/p>\n\n\n\n<p>Asimismo, indicaron que trabajadores cercanos al coordinador han sustra\u00eddo pintura, refacciones el\u00e9ctricas y sanitarias de las sedes del programa.<\/p>\n\n\n\n<p>Adem\u00e1s, en el documento, abundaron que Miguel \u00c1ngel L\u00f3pez Ortiz en contubernio con otro funcionario, encargado de la Residencia de Conservaci\u00f3n, lograron que empresas cercanas a ellos ganaran las licitaciones para la construcci\u00f3n de tres unidades m\u00e9dicas en los municipios de Magdalena Tiltepec, Santa Luc\u00eda Teotepec y Magdalena Loxicha, que se encuentran sin funcionar por fallas en los proyectos de construcci\u00f3n, como es la ausencia de estudios de mec\u00e1nica de suelo y fallas en los protocolos de protecci\u00f3n civil.<\/p>\n\n\n\n<p>Seg\u00fan la denuncia, en el caso de Santa Luc\u00eda Teotepec, la edificaci\u00f3n est\u00e1 a punto de colapsar.<\/p>\n\n\n\n<p>A ello, se suman otras acciones emprendidas por el funcionario, como son el otorgamiento de puestos laborales a personas que no cumplen con el perfil acad\u00e9mico o profesional que es exigido por el Instituto, adem\u00e1s de favorecer con cambios de adscripci\u00f3n a trabajadores con los que mantiene v\u00ednculos de amistosos o sentimentales.<\/p>\n\n\n\n<p>Luego de narrar lo anterior, demandaron al director del IMSS cesar del cargo a aquel personaje.<\/p>\n","protected":false},"excerpt":{"rendered":"<p>Deimos S\u00e1nchez\/Estado 20. Oaxaca de Ju\u00e1rez, Oax., 11 de septiembre de 2020.- Un grupo de&hellip;<\/p>\n","protected":false},"author":2,"featured_media":7532,"comment_status":"closed","ping_status":"open","sticky":false,"template":"","format":"standard","meta":{"_lmt_disableupdate":"","_lmt_disable":"","_jetpack_memberships_contains_paid_content":false,"footnotes":""},"categories":[1],"tags":[2006],"class_list":["post-17467","post","type-post","status-publish","format-standard","has-post-thumbnail","hentry","category-sin-categoria","tag-imss-bienestar-oaxaca"],"jetpack_featured_media_url":"https:\/\/zonaroja.com.mx\/wp-content\/uploads\/2020\/01\/IMSS-Oaxaca.jpg","jetpack_sharing_enabled":true,"_links":{"self":[{"href":"https:\/\/zonaroja.com.mx\/index.php?rest_route=\/wp\/v2\/posts\/17467","targetHints":{"allow":["GET"]}}],"collection":[{"href":"https:\/\/zonaroja.com.mx\/index.php?rest_route=\/wp\/v2\/posts"}],"about":[{"href":"https:\/\/zonaroja.com.mx\/index.php?rest_route=\/wp\/v2\/types\/post"}],"author":[{"embeddable":true,"href":"https:\/\/zonaroja.com.mx\/index.php?rest_route=\/wp\/v2\/users\/2"}],"replies":[{"embeddable":true,"href":"https:\/\/zonaroja.com.mx\/index.php?rest_route=%2Fwp%2Fv2%2Fcomments&post=17467"}],"version-history":[{"count":1,"href":"https:\/\/zonaroja.com.mx\/index.php?rest_route=\/wp\/v2\/posts\/17467\/revisions"}],"predecessor-version":[{"id":17468,"href":"https:\/\/zonaroja.com.mx\/index.php?rest_route=\/wp\/v2\/posts\/17467\/revisions\/17468"}],"wp:featuredmedia":[{"embeddable":true,"href":"https:\/\/zonaroja.com.mx\/index.php?rest_route=\/wp\/v2\/media\/7532"}],"wp:attachment":[{"href":"https:\/\/zonaroja.com.mx\/index.php?rest_route=%2Fwp%2Fv2%2Fmedia&parent=17467"}],"wp:term":[{"taxonomy":"category","embeddable":true,"href":"https:\/\/zonaroja.com.mx\/index.php?rest_route=%2Fwp%2Fv2%2Fcategories&post=17467"},{"taxonomy":"post_tag","embeddable":true,"href":"https:\/\/zonaroja.com.mx\/index.php?rest_route=%2Fwp%2Fv2%2Ftags&post=17467"}],"curies":[{"name":"wp","href":"https:\/\/api.w.org\/{rel}","templated":true}]}}