{"id":17469,"date":"2020-09-11T07:56:38","date_gmt":"2020-09-11T12:56:38","guid":{"rendered":"http:\/\/www.zonaroja.com.mx\/?p=17469"},"modified":"2020-09-11T07:59:14","modified_gmt":"2020-09-11T12:59:14","slug":"demanda-legislador-convenios-con-federacion-para-la-administracion-de-justicia","status":"publish","type":"post","link":"https:\/\/zonaroja.com.mx\/?p=17469","title":{"rendered":"Demanda legislador convenios con Federaci\u00f3n para la administraci\u00f3n de justicia"},"content":{"rendered":"\n<p>Yuridiana Sosa\/Zona Roja.<\/p>\n\n\n\n<p>Oaxaca de Ju\u00e1rez, Oax., 11 de septiembre de 2020.- Por los atrasos generados en los distintos procesos de administraci\u00f3n de justicia por la contingencia de Covid-19, la 64 Legislatura de Oaxaca prev\u00e9 emitir un exhorto para que el gobernador Alejandro Murat instruya convenios entre el Poder Judicial estatal con la Federaci\u00f3n.<\/p>\n\n\n\n<p>El diputado por Morena, Oth\u00f3n Cuevas C\u00f3rdova, present\u00f3 el Punto de Acuerdo, ante la crisis que existe en dicha materia en la entidad, a ra\u00edz de la paralizaci\u00f3n de las distintas \u00e1reas para resolver los distintos procesos, as\u00ed como por la saturaci\u00f3n en la demanda de soluciones que se prev\u00e9 en una futura apertura de oficinas.<\/p>\n\n\n\n<p>Durante sesi\u00f3n ordinaria de este mi\u00e9rcoles, el legislador expuso que la forma de trabajo que ha establecido el Poder Judicial de Oaxaca para continuar con atenciones a casos prioritarios es insuficiente para la administraci\u00f3n de justicia.<\/p>\n\n\n\n<p>Tras reconocer que algunas \u00e1reas han laborado por guardias y que las actividades se han retomado de forma paulatina, dijo que quedan asuntos importantes pendientes, como son el de cientos de personas privadas de su libertad en espera de soluci\u00f3n de sentencias.<\/p>\n\n\n\n<p>Motivo por el que, a fin de garantizar el derecho de acceso a la justicia de forma expedita, propuso el llamado al gobernador de Oaxaca para que dirija convenios de colaboraci\u00f3n entre las dependencias de la administraci\u00f3n p\u00fablica estatal con el Poder Judicial de nivel federal y pronto cumplir con la demanda social en esa materia. La iniciativa fue turnada a las respectivas comisiones, para su an\u00e1lisis y elaboraci\u00f3n de dictamen correspondiente.<\/p>\n","protected":false},"excerpt":{"rendered":"<p>Yuridiana Sosa\/Zona Roja. Oaxaca de Ju\u00e1rez, Oax., 11 de septiembre de 2020.- Por los atrasos&hellip;<\/p>\n","protected":false},"author":2,"featured_media":17470,"comment_status":"closed","ping_status":"open","sticky":false,"template":"","format":"standard","meta":{"_lmt_disableupdate":"","_lmt_disable":"","_jetpack_memberships_contains_paid_content":false,"footnotes":""},"categories":[109,46],"tags":[1311],"class_list":["post-17469","post","type-post","status-publish","format-standard","has-post-thumbnail","hentry","category-minuto-a-minuto","category-zona-blanca","tag-othon-cuevas-cordova"],"jetpack_featured_media_url":"https:\/\/zonaroja.com.mx\/wp-content\/uploads\/2020\/09\/Othon-Cuevas-C.jpg","jetpack_sharing_enabled":true,"_links":{"self":[{"href":"https:\/\/zonaroja.com.mx\/index.php?rest_route=\/wp\/v2\/posts\/17469","targetHints":{"allow":["GET"]}}],"collection":[{"href":"https:\/\/zonaroja.com.mx\/index.php?rest_route=\/wp\/v2\/posts"}],"about":[{"href":"https:\/\/zonaroja.com.mx\/index.php?rest_route=\/wp\/v2\/types\/post"}],"author":[{"embeddable":true,"href":"https:\/\/zonaroja.com.mx\/index.php?rest_route=\/wp\/v2\/users\/2"}],"replies":[{"embeddable":true,"href":"https:\/\/zonaroja.com.mx\/index.php?rest_route=%2Fwp%2Fv2%2Fcomments&post=17469"}],"version-history":[{"count":2,"href":"https:\/\/zonaroja.com.mx\/index.php?rest_route=\/wp\/v2\/posts\/17469\/revisions"}],"predecessor-version":[{"id":17472,"href":"https:\/\/zonaroja.com.mx\/index.php?rest_route=\/wp\/v2\/posts\/17469\/revisions\/17472"}],"wp:featuredmedia":[{"embeddable":true,"href":"https:\/\/zonaroja.com.mx\/index.php?rest_route=\/wp\/v2\/media\/17470"}],"wp:attachment":[{"href":"https:\/\/zonaroja.com.mx\/index.php?rest_route=%2Fwp%2Fv2%2Fmedia&parent=17469"}],"wp:term":[{"taxonomy":"category","embeddable":true,"href":"https:\/\/zonaroja.com.mx\/index.php?rest_route=%2Fwp%2Fv2%2Fcategories&post=17469"},{"taxonomy":"post_tag","embeddable":true,"href":"https:\/\/zonaroja.com.mx\/index.php?rest_route=%2Fwp%2Fv2%2Ftags&post=17469"}],"curies":[{"name":"wp","href":"https:\/\/api.w.org\/{rel}","templated":true}]}}