{"id":1747,"date":"2019-06-21T21:05:02","date_gmt":"2019-06-22T02:05:02","guid":{"rendered":"http:\/\/www.zonaroja.com.mx\/?p=1747"},"modified":"2019-06-21T21:05:05","modified_gmt":"2019-06-22T02:05:05","slug":"embarazo-adolescente-principal-factor-de-desercion-escolar-en-oaxaca","status":"publish","type":"post","link":"https:\/\/zonaroja.com.mx\/?p=1747","title":{"rendered":"Embarazo adolescente, principal factor de deserci\u00f3n escolar en Oaxaca"},"content":{"rendered":"\n<p>Evlin Arag\u00f3n<\/p>\n\n\n\n<p>Oaxaca de\nJu\u00e1rez, Oax., 21 de junio de 2019.- Oaxaca ocupa el tercer lugar nacional en\nembarazos adolescentes, situaci\u00f3n que junto con el cuidado de los hijos se ve\nreflejado en un 73 por ciento del total de la deserci\u00f3n escolar de ni\u00f1as y\nmujeres j\u00f3venes.<\/p>\n\n\n\n<p>Lo anterior,\nde acuerdo con los resultados de la Consulta Infantil y Juvenil 2018 que fueron\npresentados este viernes por las autoridades de la Vocal\u00eda Ejecutiva del\nDistrito 08 Oaxaca de Ju\u00e1rez.<\/p>\n\n\n\n<p>Los datos recabados ponen de manifiesto que el 23 por ciento de la poblaci\u00f3n infantil y juvenil encuestada iniciaron su actividad sexual entre los 12 y 19 a\u00f1os, de los cuales 33 por ciento de mujeres y 15 por ciento de hombres no utilizaron ning\u00fan tipo de m\u00e9todo anticonceptivo en su primera relaci\u00f3n sexual.<\/p>\n\n\n\n<figure class=\"wp-block-embed-twitter wp-block-embed is-type-rich is-provider-twitter\"><div class=\"wp-block-embed__wrapper\">\n<div class=\"twitter-tweet\"><blockquote class=\"twitter-tweet\" data-lang=\"es\"><p lang=\"es\" dir=\"ltr\">\ud83d\udde3En estos momentos la Lic. Jessica Jazibe <a href=\"https:\/\/twitter.com\/jessica_hg?ref_src=twsrc%5Etfw\">@jessica_hg<\/a> , Vocal Ejecutiva del Distrito 08 Oaxaca de Ju\u00e1rez, del <a href=\"https:\/\/twitter.com\/INE_Oaxaca?ref_src=twsrc%5Etfw\">@INE_Oaxaca<\/a> da a conocer los resultados de la Consulta Infantil y Juvenil 2018. Porque <a href=\"https:\/\/twitter.com\/hashtag\/NoHayOpinionesChiquitas?src=hash&amp;ref_src=twsrc%5Etfw\">#NoHayOpinionesChiquitas<\/a> \ud83d\udc4f\ud83c\udffc\ud83d\udc4f\ud83c\udffc\ud83d\udc65\ud83d\udd8d <a href=\"https:\/\/t.co\/l0g2xCSJaT\">pic.twitter.com\/l0g2xCSJaT<\/a><\/p>&mdash; INE Oaxaca (@INE_Oaxaca) <a href=\"https:\/\/twitter.com\/INE_Oaxaca\/status\/1142125715028135937?ref_src=twsrc%5Etfw\">21 de junio de 2019<\/a><\/blockquote><\/div>\n<\/div><\/figure>\n\n\n\n<p>En el rubro\nde violencia, el 61 por ciento de la poblaci\u00f3n encuestada refiri\u00f3 haber sufrido\ngolpes alguna vez, mientras que 37 por ciento manifest\u00f3 ser v\u00edctima de\nviolencia verbal y un 22 por ciento de violencia psicol\u00f3gica.<\/p>\n\n\n\n<p>Este\nmaltrato se recibe principalmente al interior del hogar con un 27 por ciento de\nincidencia, seguido de la escuela con el 14 por ciento y muy por debajo la\ncalle o el espacio p\u00fablico con un 5 por ciento.<\/p>\n\n\n\n<p>En la\nconsulta tambi\u00e9n figuran las adiciones, evidenciando que la entidad oaxaque\u00f1a\nse ubica en la 13 posici\u00f3n a nivel nacional en cuanto al consumo de tabaco,\nmientras que el 39.8 por ciento de la poblaci\u00f3n encuestada de 12 a 19 a\u00f1os es\nconsumidora de alcohol.<\/p>\n\n\n\n<p>Todos los\nresultados ser\u00e1n entregados formalmente a las y los diputados locales y\nfederales, a fin de que puedan ser tomados en cuenta para las reformas a los\nc\u00f3digos Penal, Civil y Leyes Reglamentarias que dar\u00edan como resultado mejores\ncondiciones de vida para ni\u00f1as, ni\u00f1os y adolescentes, seg\u00fan se inform\u00f3.<\/p>\n","protected":false},"excerpt":{"rendered":"<p>Evlin Arag\u00f3n Oaxaca de Ju\u00e1rez, Oax., 21 de junio de 2019.- Oaxaca ocupa el tercer&hellip;<\/p>\n","protected":false},"author":2,"featured_media":1749,"comment_status":"closed","ping_status":"open","sticky":false,"template":"","format":"standard","meta":{"_lmt_disableupdate":"","_lmt_disable":"","_jetpack_memberships_contains_paid_content":false,"footnotes":""},"categories":[109,1,47],"tags":[185,186,58],"class_list":["post-1747","post","type-post","status-publish","format-standard","has-post-thumbnail","hentry","category-minuto-a-minuto","category-sin-categoria","category-zona-gris","tag-consulta-infantil-y-juvenil-ine","tag-embarazo-adolescente","tag-oaxaca"],"jetpack_featured_media_url":"https:\/\/zonaroja.com.mx\/wp-content\/uploads\/2019\/06\/Consulta-Infantil-y-Juvenil-INE.jpg","jetpack_sharing_enabled":true,"_links":{"self":[{"href":"https:\/\/zonaroja.com.mx\/index.php?rest_route=\/wp\/v2\/posts\/1747","targetHints":{"allow":["GET"]}}],"collection":[{"href":"https:\/\/zonaroja.com.mx\/index.php?rest_route=\/wp\/v2\/posts"}],"about":[{"href":"https:\/\/zonaroja.com.mx\/index.php?rest_route=\/wp\/v2\/types\/post"}],"author":[{"embeddable":true,"href":"https:\/\/zonaroja.com.mx\/index.php?rest_route=\/wp\/v2\/users\/2"}],"replies":[{"embeddable":true,"href":"https:\/\/zonaroja.com.mx\/index.php?rest_route=%2Fwp%2Fv2%2Fcomments&post=1747"}],"version-history":[{"count":1,"href":"https:\/\/zonaroja.com.mx\/index.php?rest_route=\/wp\/v2\/posts\/1747\/revisions"}],"predecessor-version":[{"id":1748,"href":"https:\/\/zonaroja.com.mx\/index.php?rest_route=\/wp\/v2\/posts\/1747\/revisions\/1748"}],"wp:featuredmedia":[{"embeddable":true,"href":"https:\/\/zonaroja.com.mx\/index.php?rest_route=\/wp\/v2\/media\/1749"}],"wp:attachment":[{"href":"https:\/\/zonaroja.com.mx\/index.php?rest_route=%2Fwp%2Fv2%2Fmedia&parent=1747"}],"wp:term":[{"taxonomy":"category","embeddable":true,"href":"https:\/\/zonaroja.com.mx\/index.php?rest_route=%2Fwp%2Fv2%2Fcategories&post=1747"},{"taxonomy":"post_tag","embeddable":true,"href":"https:\/\/zonaroja.com.mx\/index.php?rest_route=%2Fwp%2Fv2%2Ftags&post=1747"}],"curies":[{"name":"wp","href":"https:\/\/api.w.org\/{rel}","templated":true}]}}