{"id":17476,"date":"2020-09-11T14:59:54","date_gmt":"2020-09-11T19:59:54","guid":{"rendered":"https:\/\/www.zonaroja.com.mx\/?p=17476"},"modified":"2020-09-11T15:01:03","modified_gmt":"2020-09-11T20:01:03","slug":"becario-pedro-lezama-vuelve-a-casa-en-tuxtepec-a-10-meses-del-accidente","status":"publish","type":"post","link":"https:\/\/zonaroja.com.mx\/?p=17476","title":{"rendered":"Becario Pedro Lezama vuelve a casa en Tuxtepec, a 10 meses del accidente"},"content":{"rendered":"\n<p class=\"MsoNormal\">Yuridiana Sosa\/Zona Roja.&nbsp;<\/p>\n\n\n\n<p class=\"MsoNormal\">San Juan Bautista Tuxtepec, Oax., 11 de septiembre de 2020.- Durante los \u00faltimos 10 meses, Pedro Lezama Hern\u00e1ndez vivi\u00f3 en cuartos de hospitales, entre quir\u00f3fanos y terapia intensiva, por el accidente laboral del&nbsp;<a href=\"\/\/1\">19 de noviembre<\/a>&nbsp;que casi le arrebata la vida durante sus actividades como becario de \u201cJ\u00f3venes construyendo el futuro\u201d.<\/p>\n\n\n\n<p class=\"MsoNormal\">El joven originario de Tuxtepec, quien estuvo hospitalizado desde diciembre pasado en Centro M\u00e9dico Nacional \u201cLa&nbsp;Raza\u201d, regres\u00f3 esta semana a su casa en su tierra natal, donde bebe continuar con los cuidados para alcanzar su recuperaci\u00f3n total, tras siete cirug\u00edas en el intestino y abdomen por la gravedad de la herida que ocasionaras las l\u00e1minas que le cayeron encima.<\/p>\n\n\n\n<p class=\"MsoNormal\">Su padre, don Alejandro Lezama, explic\u00f3 que se trata de un nuevo proceso de recuperaci\u00f3n en el que durante seis meses, como primera etapa, permanecer\u00e1 en casa para conocer su evoluci\u00f3n en un \u00e1mbito distinto al hospital, pero en el cual extreman cuidados por la contingencia de Covid-19.<\/p>\n\n\n\n<p class=\"MsoNormal\">Pedro Lezama continuar\u00e1 asistiendo a la Ciudad de M\u00e9xico para consultas y estudios de laboratorio cada mes, agreg\u00f3 el padre entusiasmado por el regreso de la familia a Tuxtepec tras un largo periodo fuera de casa.<\/p>\n\n\n\n<p class=\"MsoNormal\">Lezama Hern\u00e1ndez fue v\u00edctima de una actividad no permitida en el programa federal, cuando se desempe\u00f1aba como becario contratado por el Ayuntamiento de San Juan Bautista Tuxtepec. Mientras se dirig\u00eda junto a otros j\u00f3venes becarios a bordo de una unidad de acarreo de materiales de construcci\u00f3n, unas l\u00e1minas que ser\u00edan repartidas como parte de un programa municipal le partieron el abdomen tras una maniobra del conductor el pasado&nbsp;<a href=\"\/\/2\">19 de noviembre<\/a>.<\/p>\n\n\n\n<p class=\"MsoNormal\">AGRADECE APOYO<\/p>\n\n\n\n<p class=\"MsoNormal\">El joven de 25 a\u00f1os de edad, quien estudiaba una Maestr\u00eda en Administraci\u00f3n Educativa cuando ocurri\u00f3 el accidente, agradeci\u00f3 por medio de un video a familiares, amigos y vecinos de Tuxtepec que lo alentaron y oraron por su salud.<\/p>\n\n\n\n<p class=\"MsoNormal\">\u201cGracias a Dios, a mis padres y a toda mi familia que siempre estuvieron conmigo. Gracias a mis amigos de las redes sociales por todas sus buenas vibras, me encuentro rehabilitando y tomando sus debidas prevenciones por esta pandemia en casa, aqu\u00ed en Tuxtepec. Asistir\u00e9 a constantes consultas a la Ciudad de M\u00e9xico\u201d, dijo en su mensaje.&nbsp;<\/p>\n\n\n\n<p class=\"MsoNormal\">Durante la estancia de Pedro en el hospital en la Ciudad de M\u00e9xico su familia comparti\u00f3 diversos videos del progreso en la salud del joven, a quien m\u00e9dicos del hospital del IMSS en Tuxtepec y Oaxaca de Ju\u00e1rez lo desahuciaron.<\/p>\n","protected":false},"excerpt":{"rendered":"<p>Yuridiana Sosa\/Zona Roja.&nbsp; San Juan Bautista Tuxtepec, Oax., 11 de septiembre de 2020.- Durante los&hellip;<\/p>\n","protected":false},"author":2,"featured_media":17475,"comment_status":"closed","ping_status":"open","sticky":false,"template":"","format":"standard","meta":{"_lmt_disableupdate":"","_lmt_disable":"","_jetpack_memberships_contains_paid_content":false,"footnotes":""},"categories":[109,46],"tags":[1064],"class_list":["post-17476","post","type-post","status-publish","format-standard","has-post-thumbnail","hentry","category-minuto-a-minuto","category-zona-blanca","tag-pedro-alberto-lezama-hernandez"],"jetpack_featured_media_url":"https:\/\/zonaroja.com.mx\/wp-content\/uploads\/2020\/09\/d17c9aa8-49c0-4d63-b726-c60e22ea9a10.jpg","jetpack_sharing_enabled":true,"_links":{"self":[{"href":"https:\/\/zonaroja.com.mx\/index.php?rest_route=\/wp\/v2\/posts\/17476","targetHints":{"allow":["GET"]}}],"collection":[{"href":"https:\/\/zonaroja.com.mx\/index.php?rest_route=\/wp\/v2\/posts"}],"about":[{"href":"https:\/\/zonaroja.com.mx\/index.php?rest_route=\/wp\/v2\/types\/post"}],"author":[{"embeddable":true,"href":"https:\/\/zonaroja.com.mx\/index.php?rest_route=\/wp\/v2\/users\/2"}],"replies":[{"embeddable":true,"href":"https:\/\/zonaroja.com.mx\/index.php?rest_route=%2Fwp%2Fv2%2Fcomments&post=17476"}],"version-history":[{"count":1,"href":"https:\/\/zonaroja.com.mx\/index.php?rest_route=\/wp\/v2\/posts\/17476\/revisions"}],"predecessor-version":[{"id":17477,"href":"https:\/\/zonaroja.com.mx\/index.php?rest_route=\/wp\/v2\/posts\/17476\/revisions\/17477"}],"wp:featuredmedia":[{"embeddable":true,"href":"https:\/\/zonaroja.com.mx\/index.php?rest_route=\/wp\/v2\/media\/17475"}],"wp:attachment":[{"href":"https:\/\/zonaroja.com.mx\/index.php?rest_route=%2Fwp%2Fv2%2Fmedia&parent=17476"}],"wp:term":[{"taxonomy":"category","embeddable":true,"href":"https:\/\/zonaroja.com.mx\/index.php?rest_route=%2Fwp%2Fv2%2Fcategories&post=17476"},{"taxonomy":"post_tag","embeddable":true,"href":"https:\/\/zonaroja.com.mx\/index.php?rest_route=%2Fwp%2Fv2%2Ftags&post=17476"}],"curies":[{"name":"wp","href":"https:\/\/api.w.org\/{rel}","templated":true}]}}