{"id":17478,"date":"2020-09-11T16:29:47","date_gmt":"2020-09-11T21:29:47","guid":{"rendered":"http:\/\/www.zonaroja.com.mx\/?p=17478"},"modified":"2020-09-11T18:33:50","modified_gmt":"2020-09-11T23:33:50","slug":"abogados-insisten-en-apertura-de-tribunales-en-oaxaca","status":"publish","type":"post","link":"https:\/\/zonaroja.com.mx\/?p=17478","title":{"rendered":"Abogados insisten en apertura de tribunales en Oaxaca"},"content":{"rendered":"\n<p>Yuridiana Sosa\/Zona Roja.<\/p>\n\n\n\n<p>Oaxaca de Ju\u00e1rez, Oax., 11 de septiembre de 2020.- Como parte de su jornada de protesta para exigir la apertura de instalaciones del Poder Judicial en Oaxaca, abogados arribaron a la sede de los Juzgados Civiles y Familiares en la capital, para pedir la apertura para la atenci\u00f3n presencial.<\/p>\n\n\n\n<p>Los integrantes del Ilustre Colegio Mexicano de Abogados del Juicio Oral, cap\u00edtulo Oaxaca, encabezados por su presidente El\u00edas Mart\u00ednez P\u00e9rez, comenzaron con manifestaciones en juzgados de las ocho regiones de la entidad para demandar p\u00fablicamente el reinicio de actividades administrativas en materia de impartici\u00f3n de justicia.<\/p>\n\n\n\n<p>Los afectados rechazaron una posible postergaci\u00f3n de la fecha de apertura por parte del Consejo de la Judicatura del Poder Judicial, quien en un en\u00e9simo decreto en medio de la contingencia, inform\u00f3 que el pr\u00f3ximo 17 de septiembre abrir\u00e1n, pero ante los constantes emplazamientos los abogados consideran la volver\u00e1n a postergar.<\/p>\n\n\n\n<p>Aseguraron que el Tribunal Superior de Justicia de Oaxaca puede comenzar con actividades presenciales con las medidas de higiene necesarias, as\u00ed como ya lo hacen los trabajadores del Tribunal de lo Contencioso Administrativo y los juzgados del fuero federal.<\/p>\n\n\n\n<p>De acuerdo con los inconformes, el sistema digital que el Tribunal de Oaxaca estableci\u00f3 como medida alterna a la resoluci\u00f3n es casos es insuficiente y no las querellas no proceden de igual forma, por lo que la justicia en materia civil y familiar se encuentra estancada y el desahogo de casos se saturaran conforme pase m\u00e1s tiempo sin operaciones presenciales.<\/p>\n","protected":false},"excerpt":{"rendered":"<p>Yuridiana Sosa\/Zona Roja. Oaxaca de Ju\u00e1rez, Oax., 11 de septiembre de 2020.- Como parte de&hellip;<\/p>\n","protected":false},"author":2,"featured_media":17484,"comment_status":"closed","ping_status":"open","sticky":false,"template":"","format":"standard","meta":{"_lmt_disableupdate":"","_lmt_disable":"","_jetpack_memberships_contains_paid_content":false,"footnotes":""},"categories":[109,47],"tags":[223],"class_list":["post-17478","post","type-post","status-publish","format-standard","has-post-thumbnail","hentry","category-minuto-a-minuto","category-zona-gris","tag-poder-judicial-de-oaxaca"],"jetpack_featured_media_url":"https:\/\/zonaroja.com.mx\/wp-content\/uploads\/2020\/09\/c0c21773-1a9c-499c-be7e-47f0af4380f7.jpg","jetpack_sharing_enabled":true,"_links":{"self":[{"href":"https:\/\/zonaroja.com.mx\/index.php?rest_route=\/wp\/v2\/posts\/17478","targetHints":{"allow":["GET"]}}],"collection":[{"href":"https:\/\/zonaroja.com.mx\/index.php?rest_route=\/wp\/v2\/posts"}],"about":[{"href":"https:\/\/zonaroja.com.mx\/index.php?rest_route=\/wp\/v2\/types\/post"}],"author":[{"embeddable":true,"href":"https:\/\/zonaroja.com.mx\/index.php?rest_route=\/wp\/v2\/users\/2"}],"replies":[{"embeddable":true,"href":"https:\/\/zonaroja.com.mx\/index.php?rest_route=%2Fwp%2Fv2%2Fcomments&post=17478"}],"version-history":[{"count":1,"href":"https:\/\/zonaroja.com.mx\/index.php?rest_route=\/wp\/v2\/posts\/17478\/revisions"}],"predecessor-version":[{"id":17479,"href":"https:\/\/zonaroja.com.mx\/index.php?rest_route=\/wp\/v2\/posts\/17478\/revisions\/17479"}],"wp:featuredmedia":[{"embeddable":true,"href":"https:\/\/zonaroja.com.mx\/index.php?rest_route=\/wp\/v2\/media\/17484"}],"wp:attachment":[{"href":"https:\/\/zonaroja.com.mx\/index.php?rest_route=%2Fwp%2Fv2%2Fmedia&parent=17478"}],"wp:term":[{"taxonomy":"category","embeddable":true,"href":"https:\/\/zonaroja.com.mx\/index.php?rest_route=%2Fwp%2Fv2%2Fcategories&post=17478"},{"taxonomy":"post_tag","embeddable":true,"href":"https:\/\/zonaroja.com.mx\/index.php?rest_route=%2Fwp%2Fv2%2Ftags&post=17478"}],"curies":[{"name":"wp","href":"https:\/\/api.w.org\/{rel}","templated":true}]}}