{"id":17480,"date":"2020-09-11T16:53:54","date_gmt":"2020-09-11T21:53:54","guid":{"rendered":"http:\/\/www.zonaroja.com.mx\/?p=17480"},"modified":"2020-09-11T16:54:14","modified_gmt":"2020-09-11T21:54:14","slug":"confirma-sala-xalapa-violencia-politica-de-genero-de-edil-de-tlacolula","status":"publish","type":"post","link":"https:\/\/zonaroja.com.mx\/?p=17480","title":{"rendered":"Confirma Sala Xalapa violencia pol\u00edtica de g\u00e9nero de edil de Tlacolula"},"content":{"rendered":"\n<p>Evlin Arag\u00f3n\/Zona Roja.<\/p>\n\n\n\n<p>Oaxaca de Ju\u00e1rez, Oax., El pleno de la Sala Regional Xalapa del Tribunal Electoral del Poder Judicial de la Federaci\u00f3n (TEPJF), acredit\u00f3 actos de violencia pol\u00edtica por raz\u00f3n de g\u00e9nero cometidos por el presidente municipal Carlos Le\u00f3n Monterrubio, en contra de la regidora de Turismo y Cultura, Violeta Zelmira Balseca Ram\u00edrez.<\/p>\n\n\n\n<p>Lo dictamin\u00f3 en sesi\u00f3n p\u00fablica no presencial, celebrada ayer por videoconferencia, donde confirm\u00f3 la sentencia del Tribunal Electoral del Estado de Oaxaca (TEEO) que acredit\u00f3 la existencia de actos de violencia pol\u00edtica en raz\u00f3n de g\u00e9nero, por lo que, declar\u00f3 la p\u00e9rdida de la presunci\u00f3n de contar con un modo honesto de vivir de Le\u00f3n Monterrubio.<\/p>\n\n\n\n<p>De acuerdo con la sentencia, el hecho de que las conductas violentas que se le atribuyeron se dirigieran tambi\u00e9n a regidores varones no exime la existencia de la violencia pol\u00edtica por raz\u00f3n de g\u00e9nero,&nbsp; toda vez que las mismas tuvieron un impacto diferenciado en contra de la mencionada regidora por su condici\u00f3n de ser mujer.<\/p>\n\n\n\n<p>Finalmente, el pleno concluy\u00f3 que fue correcta la imposici\u00f3n de la sanci\u00f3n consistente en la p\u00e9rdida de la presunci\u00f3n de tener un modo honesto de vivir por un periodo determinado, al no exceder las atribuciones del TEEO.<\/p>\n\n\n\n<p>Por lo anterior, Le\u00f3n Monterrubio, surgido del Partido Morena, ser\u00e1 ingresado al sistema de registro de los ciudadanos que no podr\u00e1n participar en el proceso electoral.<\/p>\n\n\n\n<figure class=\"wp-block-image size-large\"><img decoding=\"async\" width=\"634\" height=\"632\" src=\"http:\/\/www.zonaroja.com.mx\/wp-content\/uploads\/2020\/09\/Tlacolula-de-Matamoros.jpg\" alt=\"\" class=\"wp-image-17482\" srcset=\"https:\/\/zonaroja.com.mx\/wp-content\/uploads\/2020\/09\/Tlacolula-de-Matamoros.jpg 634w, https:\/\/zonaroja.com.mx\/wp-content\/uploads\/2020\/09\/Tlacolula-de-Matamoros-300x300.jpg 300w, https:\/\/zonaroja.com.mx\/wp-content\/uploads\/2020\/09\/Tlacolula-de-Matamoros-150x150.jpg 150w, https:\/\/zonaroja.com.mx\/wp-content\/uploads\/2020\/09\/Tlacolula-de-Matamoros-585x583.jpg 585w\" sizes=\"(max-width: 634px) 100vw, 634px\" \/><\/figure>\n\n\n\n<p>Fue a inicios del mes de agosto que el Tribunal Electoral de Oaxaca determin\u00f3 la resoluci\u00f3n del JDC\/18\/2020 y acumulado JDC\/27\/2020 que acredita la violencia pol\u00edtica por raz\u00f3n de g\u00e9nero en contra de Violeta Zelmira Balseca Ram\u00edrez, regidora de Turismo y Cultura por la realizaci\u00f3n de actos que se estimaron lesivos en su contra.<\/p>\n\n\n\n<p>La sentencia del TEEO agrega que el modo honesto de vivir constituye un requisito indispensable para participar en el proceso electoral y aspirar a un cargo de elecci\u00f3n popular.<\/p>\n\n\n\n<p>El organismo estatal orden\u00f3 a Le\u00f3n Monterrubio abstenerse de realizar acciones u omisiones que de manera directa o indirecta tengan por objeto o resultado, intimidar, molestar o causar un da\u00f1o, perjuicio u obstaculizar el ejercicio de la regidora.<\/p>\n\n\n\n<p>As\u00ed mismo y como medida de no repetici\u00f3n solicit\u00f3 va la Secretar\u00eda de las Mujeres de Oaxaca, implementar un programa integral de capacitaci\u00f3n a funcionarios municipales de Tlacolula sobre derechos humanos, g\u00e9nero y violencia pol\u00edtica.<\/p>\n","protected":false},"excerpt":{"rendered":"<p>Evlin Arag\u00f3n\/Zona Roja. Oaxaca de Ju\u00e1rez, Oax., El pleno de la Sala Regional Xalapa del&hellip;<\/p>\n","protected":false},"author":2,"featured_media":17481,"comment_status":"closed","ping_status":"open","sticky":false,"template":"","format":"standard","meta":{"_lmt_disableupdate":"","_lmt_disable":"","_jetpack_memberships_contains_paid_content":false,"footnotes":""},"categories":[109,47],"tags":[127],"class_list":["post-17480","post","type-post","status-publish","format-standard","has-post-thumbnail","hentry","category-minuto-a-minuto","category-zona-gris","tag-tlacolula-de-matamoros"],"jetpack_featured_media_url":"https:\/\/zonaroja.com.mx\/wp-content\/uploads\/2020\/09\/Carlos-Leon-Monterrubio.jpg","jetpack_sharing_enabled":true,"_links":{"self":[{"href":"https:\/\/zonaroja.com.mx\/index.php?rest_route=\/wp\/v2\/posts\/17480","targetHints":{"allow":["GET"]}}],"collection":[{"href":"https:\/\/zonaroja.com.mx\/index.php?rest_route=\/wp\/v2\/posts"}],"about":[{"href":"https:\/\/zonaroja.com.mx\/index.php?rest_route=\/wp\/v2\/types\/post"}],"author":[{"embeddable":true,"href":"https:\/\/zonaroja.com.mx\/index.php?rest_route=\/wp\/v2\/users\/2"}],"replies":[{"embeddable":true,"href":"https:\/\/zonaroja.com.mx\/index.php?rest_route=%2Fwp%2Fv2%2Fcomments&post=17480"}],"version-history":[{"count":1,"href":"https:\/\/zonaroja.com.mx\/index.php?rest_route=\/wp\/v2\/posts\/17480\/revisions"}],"predecessor-version":[{"id":17483,"href":"https:\/\/zonaroja.com.mx\/index.php?rest_route=\/wp\/v2\/posts\/17480\/revisions\/17483"}],"wp:featuredmedia":[{"embeddable":true,"href":"https:\/\/zonaroja.com.mx\/index.php?rest_route=\/wp\/v2\/media\/17481"}],"wp:attachment":[{"href":"https:\/\/zonaroja.com.mx\/index.php?rest_route=%2Fwp%2Fv2%2Fmedia&parent=17480"}],"wp:term":[{"taxonomy":"category","embeddable":true,"href":"https:\/\/zonaroja.com.mx\/index.php?rest_route=%2Fwp%2Fv2%2Fcategories&post=17480"},{"taxonomy":"post_tag","embeddable":true,"href":"https:\/\/zonaroja.com.mx\/index.php?rest_route=%2Fwp%2Fv2%2Ftags&post=17480"}],"curies":[{"name":"wp","href":"https:\/\/api.w.org\/{rel}","templated":true}]}}