{"id":17488,"date":"2020-09-11T21:37:15","date_gmt":"2020-09-12T02:37:15","guid":{"rendered":"http:\/\/www.zonaroja.com.mx\/?p=17488"},"modified":"2020-09-11T21:37:19","modified_gmt":"2020-09-12T02:37:19","slug":"en-oaxaca-dos-muertos-por-accidente-carretero-y-uno-por-caida-de-rayo","status":"publish","type":"post","link":"https:\/\/zonaroja.com.mx\/?p=17488","title":{"rendered":"En Oaxaca, dos muertos por accidente carretero y uno por ca\u00edda de rayo"},"content":{"rendered":"\n<p>Redacci\u00f3n\/Zona Roja.<\/p>\n\n\n\n<p>Oaxaca de Ju\u00e1rez, Oax., 11 de septiembre de 2020.- Una pareja perdi\u00f3 la vida la ma\u00f1ana de hoy en un accidente vial, ocurrido a la altura del kil\u00f3metro 131 de la carretera federal 190, Oaxaca-Istmo, cerca de la comunidad de El Camar\u00f3n, San Carlos Yautepec.<\/p>\n\n\n\n<p>El percance fue entre un tr\u00e1iler y un coche tipo Jetta marca Volkswagen, con placas de circulaci\u00f3n Y43-AMR, de la Ciudad de M\u00e9xico, que qued\u00f3 pr\u00e1cticamente debajo de la pesada unidad de carga.<\/p>\n\n\n\n<p>Las v\u00edctimas fueron identificadas de manera preliminar como Felipe Gabriel Reyes, conductor del auto compacto, y su pareja Hortencia J. N., comerciantes con domicilio en Huajuapan de Le\u00f3n.<\/p>\n\n\n\n<p>Hasta el momento se desconoce las causas del accidente carretero y los cuerpos fueron llevados al descanso municipal de El Camar\u00f3n.<\/p>\n\n\n\n<figure class=\"wp-block-embed-twitter wp-block-embed is-type-rich is-provider-twitter\"><div class=\"wp-block-embed__wrapper\">\n<div class=\"twitter-tweet\"><blockquote class=\"twitter-tweet\" data-lang=\"es\"><p lang=\"es\" dir=\"ltr\"><a href=\"https:\/\/twitter.com\/hashtag\/%C3%9AltimaHora?src=hash&amp;ref_src=twsrc%5Etfw\">#\u00daltimaHora<\/a> <br>Dos personas perdieron la vida la ma\u00f1ana de hoy, a causa del percance entre un tr\u00e1iler y un veh\u00edculo compacto, sobre la carretera federal 190, Oaxaca-Istmo, cerca de la localidad de El Camar\u00f3n, San Carlos <a href=\"https:\/\/twitter.com\/hashtag\/Yautepec?src=hash&amp;ref_src=twsrc%5Etfw\">#Yautepec<\/a>, <a href=\"https:\/\/twitter.com\/hashtag\/Oaxaca?src=hash&amp;ref_src=twsrc%5Etfw\">#Oaxaca<\/a>. <a href=\"https:\/\/t.co\/nbwmY3jv6H\">pic.twitter.com\/nbwmY3jv6H<\/a><\/p>&mdash; Zona Roja Oaxaca (@MexRoja) <a href=\"https:\/\/twitter.com\/MexRoja\/status\/1304488099481890816?ref_src=twsrc%5Etfw\">11 de septiembre de 2020<\/a><\/blockquote><\/div>\n<\/div><\/figure>\n\n\n\n<p>LO MATA RAYO<\/p>\n\n\n\n<p>Por otra parte, en el municipio de San Lorenzo Cacaotepec, la tarde de hoy muri\u00f3 una persona del sexo masculino, a causa de un rayo, que cay\u00f3 durante la tormenta que azot\u00f3 la regi\u00f3n Valles Centrales.<\/p>\n\n\n\n<p>La v\u00edctima por descarga el\u00e9ctrica fue identificada como Jorge Alberto M. L., de 24 a\u00f1os de edad, con domicilio en la calle Constituci\u00f3n, cerca de una tortiller\u00eda.<\/p>\n\n\n\n<p>Personal param\u00e9dico acudi\u00f3 a dicha localidad del distrito de Etla, para prestar atenci\u00f3n, pero el joven ya hab\u00eda perdido la vida a causa de las quemaduras provocadas por la descarga el\u00e9ctrica.<\/p>\n\n\n\n<figure class=\"wp-block-image size-large\"><img decoding=\"async\" width=\"719\" height=\"585\" src=\"http:\/\/www.zonaroja.com.mx\/wp-content\/uploads\/2020\/09\/Muerto-rayo-San-Lorenzo-Cacaotepec.jpg\" alt=\"\" class=\"wp-image-17490\" srcset=\"https:\/\/zonaroja.com.mx\/wp-content\/uploads\/2020\/09\/Muerto-rayo-San-Lorenzo-Cacaotepec.jpg 719w, https:\/\/zonaroja.com.mx\/wp-content\/uploads\/2020\/09\/Muerto-rayo-San-Lorenzo-Cacaotepec-300x244.jpg 300w, https:\/\/zonaroja.com.mx\/wp-content\/uploads\/2020\/09\/Muerto-rayo-San-Lorenzo-Cacaotepec-585x476.jpg 585w\" sizes=\"(max-width: 719px) 100vw, 719px\" \/><\/figure>\n","protected":false},"excerpt":{"rendered":"<p>Redacci\u00f3n\/Zona Roja. Oaxaca de Ju\u00e1rez, Oax., 11 de septiembre de 2020.- Una pareja perdi\u00f3 la&hellip;<\/p>\n","protected":false},"author":2,"featured_media":17489,"comment_status":"closed","ping_status":"open","sticky":false,"template":"","format":"standard","meta":{"_lmt_disableupdate":"","_lmt_disable":"","_jetpack_memberships_contains_paid_content":false,"footnotes":""},"categories":[109,47],"tags":[846],"class_list":["post-17488","post","type-post","status-publish","format-standard","has-post-thumbnail","hentry","category-minuto-a-minuto","category-zona-gris","tag-san-lorenzo-cacaotepec"],"jetpack_featured_media_url":"https:\/\/zonaroja.com.mx\/wp-content\/uploads\/2020\/09\/Accidente-carretera-190.jpg","jetpack_sharing_enabled":true,"_links":{"self":[{"href":"https:\/\/zonaroja.com.mx\/index.php?rest_route=\/wp\/v2\/posts\/17488","targetHints":{"allow":["GET"]}}],"collection":[{"href":"https:\/\/zonaroja.com.mx\/index.php?rest_route=\/wp\/v2\/posts"}],"about":[{"href":"https:\/\/zonaroja.com.mx\/index.php?rest_route=\/wp\/v2\/types\/post"}],"author":[{"embeddable":true,"href":"https:\/\/zonaroja.com.mx\/index.php?rest_route=\/wp\/v2\/users\/2"}],"replies":[{"embeddable":true,"href":"https:\/\/zonaroja.com.mx\/index.php?rest_route=%2Fwp%2Fv2%2Fcomments&post=17488"}],"version-history":[{"count":1,"href":"https:\/\/zonaroja.com.mx\/index.php?rest_route=\/wp\/v2\/posts\/17488\/revisions"}],"predecessor-version":[{"id":17491,"href":"https:\/\/zonaroja.com.mx\/index.php?rest_route=\/wp\/v2\/posts\/17488\/revisions\/17491"}],"wp:featuredmedia":[{"embeddable":true,"href":"https:\/\/zonaroja.com.mx\/index.php?rest_route=\/wp\/v2\/media\/17489"}],"wp:attachment":[{"href":"https:\/\/zonaroja.com.mx\/index.php?rest_route=%2Fwp%2Fv2%2Fmedia&parent=17488"}],"wp:term":[{"taxonomy":"category","embeddable":true,"href":"https:\/\/zonaroja.com.mx\/index.php?rest_route=%2Fwp%2Fv2%2Fcategories&post=17488"},{"taxonomy":"post_tag","embeddable":true,"href":"https:\/\/zonaroja.com.mx\/index.php?rest_route=%2Fwp%2Fv2%2Ftags&post=17488"}],"curies":[{"name":"wp","href":"https:\/\/api.w.org\/{rel}","templated":true}]}}