{"id":17493,"date":"2020-09-11T22:20:00","date_gmt":"2020-09-12T03:20:00","guid":{"rendered":"https:\/\/www.zonaroja.com.mx\/?p=17493"},"modified":"2020-09-11T22:50:00","modified_gmt":"2020-09-12T03:50:00","slug":"el-lunes-regresa-oaxaca-a-semaforo-naranja-hoy-84-contagios-y-6-decesos","status":"publish","type":"post","link":"https:\/\/zonaroja.com.mx\/?p=17493","title":{"rendered":"El lunes regresa Oaxaca a sem\u00e1foro naranja; hoy 84 contagios y 6 decesos"},"content":{"rendered":"\n<p>Redacci\u00f3n\/Zona Roja. <\/p>\n\n\n\n<p>Oaxaca de Ju\u00e1rez, Oax. 11 de septiembre de 2020.- La Secretaria de Salud federal determin\u00f3 esta noche el regreso de Oaxaca al sem\u00e1foro naranja, el pr\u00f3ximo lunes, debido a que contin\u00faa alto el n\u00famero de contagios. <\/p>\n\n\n\n<p>En tanto, la dependencia Servicios de Salud de Oaxaca (SSO) inform\u00f3 que al corte epidemiol\u00f3gico de este viernes 11 de septiembre, se tienen contabilizados 84 contagios nuevos de Covid-19 en 30 municipios, sumando 14 mil 676 casos acumulados en la entidad. <\/p>\n\n\n\n<p>Se\u00f1al\u00f3 que se han notificado 21 mil 896 casos, de los cuales seis mil 493 han sido negativos, hay 727 casos sospechosos en espera de resultados por laboratorio, 12 mil 801 se han recuperado, y lamentablemente se registraron seis defunciones, sumando mil 358 decesos de manera acumulada. <\/p>\n\n\n\n<p>Mencion\u00f3 que la Jurisdicci\u00f3n Sanitaria n\u00famero uno Valles Centrales contabiliza nueve mil 747 casos confirmados y 648 defunciones, Tuxtepec mil 634 y 237 defunciones, Istmo mil 495 y 268 defunciones, Mixteca 916 y 91 defunciones, Costa 635 y 73 y la Sierra 249 y 41 defunciones. <\/p>\n\n\n\n<p>Los 84 casos nuevos se distribuyen en 30 municipios, siendo el que mayor n\u00famero de casos registra, Oaxaca de Ju\u00e1rez con 26, Santa Luc\u00eda del camino, seis; Santa Cruz Xoxocotl\u00e1n y Huajuapan de Le\u00f3n cinco cada uno; San Pablo Etla y El Barrio de la Soledad cuatro cada uno; el resto tres, dos&nbsp; y un solo caso.&nbsp;<\/p>\n\n\n\n<p>Dijo que de los 517 casos activos, estos se distribuyen en la Jurisdicci\u00f3n Sanitaria n\u00famero uno Valles Centrales con 399, Mixteca 57, Istmo 21, Costa 20, Sierra 11 y Tuxtepec nueve.&nbsp;<\/p>\n\n\n\n<p>En relaci\u00f3n a la ocupaci\u00f3n hospitalaria global hay un 32%; el Hospital Regional de Alta Especialidad de Oaxaca (HRAEO) presenta 82.1%, el Hospital de la Ni\u00f1ez Oaxaque\u00f1a 66.7%, Sedena 13.3%, ISSSTE 34.4%, IMSS r\u00e9gimen ordinario 38.1%, IMSS Bienestar 26.3%, Pemex 33.3%, y Semar 17.6% sin ventilador 36% y con ventilador el 25.7%.&nbsp;<\/p>\n\n\n\n<p>Sostuvo que en caso de presentar s\u00edntomas como: fiebre, tos seca, dolor de garganta, cansancio, dolor de cabeza, p\u00e9rdida de olfato o gusto y diarrea, deben llamar a los tel\u00e9fonos <a href=\"tel:800%20770%208437\">800 770 8437<\/a>, <a href=\"tel:951%20516%208242\">951 516 8242<\/a>, <a href=\"tel:951%20516%201220\">951 516 1220<\/a> y <a href=\"tel:951%20297%205741\">951 297 5741<\/a>. De acuerdo a los s\u00edntomas los especialistas le dir\u00e1n qu\u00e9 hacer, como el quedarse en casa donde personal m\u00e9dico le dar\u00e1 seguimiento a trav\u00e9s de llamadas telef\u00f3nicas. <\/p>\n","protected":false},"excerpt":{"rendered":"<p>Redacci\u00f3n\/Zona Roja. Oaxaca de Ju\u00e1rez, Oax. 11 de septiembre de 2020.- La Secretaria de Salud&hellip;<\/p>\n","protected":false},"author":2,"featured_media":17492,"comment_status":"closed","ping_status":"open","sticky":false,"template":"","format":"standard","meta":{"_lmt_disableupdate":"","_lmt_disable":"","_jetpack_memberships_contains_paid_content":false,"footnotes":""},"categories":[109,47],"tags":[1512],"class_list":["post-17493","post","type-post","status-publish","format-standard","has-post-thumbnail","hentry","category-minuto-a-minuto","category-zona-gris","tag-coronavirus-oaxaca"],"jetpack_featured_media_url":"https:\/\/zonaroja.com.mx\/wp-content\/uploads\/2020\/09\/24462408-b7b9-4a29-8113-4e6637f8a46f.jpg","jetpack_sharing_enabled":true,"_links":{"self":[{"href":"https:\/\/zonaroja.com.mx\/index.php?rest_route=\/wp\/v2\/posts\/17493","targetHints":{"allow":["GET"]}}],"collection":[{"href":"https:\/\/zonaroja.com.mx\/index.php?rest_route=\/wp\/v2\/posts"}],"about":[{"href":"https:\/\/zonaroja.com.mx\/index.php?rest_route=\/wp\/v2\/types\/post"}],"author":[{"embeddable":true,"href":"https:\/\/zonaroja.com.mx\/index.php?rest_route=\/wp\/v2\/users\/2"}],"replies":[{"embeddable":true,"href":"https:\/\/zonaroja.com.mx\/index.php?rest_route=%2Fwp%2Fv2%2Fcomments&post=17493"}],"version-history":[{"count":2,"href":"https:\/\/zonaroja.com.mx\/index.php?rest_route=\/wp\/v2\/posts\/17493\/revisions"}],"predecessor-version":[{"id":17495,"href":"https:\/\/zonaroja.com.mx\/index.php?rest_route=\/wp\/v2\/posts\/17493\/revisions\/17495"}],"wp:featuredmedia":[{"embeddable":true,"href":"https:\/\/zonaroja.com.mx\/index.php?rest_route=\/wp\/v2\/media\/17492"}],"wp:attachment":[{"href":"https:\/\/zonaroja.com.mx\/index.php?rest_route=%2Fwp%2Fv2%2Fmedia&parent=17493"}],"wp:term":[{"taxonomy":"category","embeddable":true,"href":"https:\/\/zonaroja.com.mx\/index.php?rest_route=%2Fwp%2Fv2%2Fcategories&post=17493"},{"taxonomy":"post_tag","embeddable":true,"href":"https:\/\/zonaroja.com.mx\/index.php?rest_route=%2Fwp%2Fv2%2Ftags&post=17493"}],"curies":[{"name":"wp","href":"https:\/\/api.w.org\/{rel}","templated":true}]}}