{"id":17499,"date":"2020-09-12T08:36:57","date_gmt":"2020-09-12T13:36:57","guid":{"rendered":"http:\/\/www.zonaroja.com.mx\/?p=17499"},"modified":"2020-09-12T08:37:02","modified_gmt":"2020-09-12T13:37:02","slug":"comision-nacional-de-morena-confirma-militancia-de-flavio-sosa","status":"publish","type":"post","link":"https:\/\/zonaroja.com.mx\/?p=17499","title":{"rendered":"Comisi\u00f3n nacional de Morena confirma militancia de Flavio Sosa"},"content":{"rendered":"\n<p>Yuridiana Sosa\/Zona Roja.<\/p>\n\n\n\n<p>Oaxaca de Ju\u00e1rez, Oax., 12 de septiembre de 2020.- La Comisi\u00f3n Nacional de Honestidad y Justicia (CNHJ) del Partido Morena, confirm\u00f3 la militancia activa del aspirante a la Secretar\u00eda General del instituto pol\u00edtico, Flavio Sosa Villavicencio.<\/p>\n\n\n\n<p>Luego que el Instituto Nacional Electoral (INE) inform\u00f3 que el registro del activista y ex legislador era improcedente al no cumplir con el requisito de su afiliaci\u00f3n al partido para contender a la dirigencia nacional, Sosa inici\u00f3 otro proceso para sustentar su militancia activa desde el 2018.<\/p>\n\n\n\n<p>\u201cSi algunos en el INE M\u00e9xico quer\u00edan perjudicarnos con sus trampas, ya no&#8230;\u201d, public\u00f3 Flavio Sosa en su cuenta de Twitter este viernes, donde adem\u00e1s exhibi\u00f3 el documento por parte de la CNHJ de Morena.<\/p>\n\n\n\n<p>La Comisi\u00f3n atendi\u00f3 a la solicitud de Flavio Sosa presentada este 10 de septiembre ante el requerimiento de Direcci\u00f3n Ejecutiva de Prerrogativas y Partidos Pol\u00edticos, a lo que respondi\u00f3 que \u201cconsidera que resultan pruebas plenas y fehacientes de su participaci\u00f3n y militancia activa en este partido pol\u00edtico\u201d.<\/p>\n\n\n\n<figure class=\"wp-block-embed-twitter wp-block-embed is-type-rich is-provider-twitter\"><div class=\"wp-block-embed__wrapper\">\n<div class=\"twitter-tweet\"><blockquote class=\"twitter-tweet\" data-lang=\"es\"><p lang=\"es\" dir=\"ltr\">\ud83d\udcccLa Comisi\u00f3n Nacional de Honestidad y Justicia de <a href=\"https:\/\/twitter.com\/hashtag\/MORENA?src=hash&amp;ref_src=twsrc%5Etfw\">#MORENA<\/a> me hizo llegar la confirmaci\u00f3n de mi militancia activa.<br><br>\ud83d\udcd1Si algunos en el <a href=\"https:\/\/twitter.com\/INEMexico?ref_src=twsrc%5Etfw\">@INEMexico<\/a> quer\u00edan perjudicarnos con sus trampas, ya no&#8230;<a href=\"https:\/\/twitter.com\/hashtag\/FlavioSecretario?src=hash&amp;ref_src=twsrc%5Etfw\">#FlavioSecretario<\/a><a href=\"https:\/\/twitter.com\/hashtag\/IzquierdaConCausa?src=hash&amp;ref_src=twsrc%5Etfw\">#IzquierdaConCausa<\/a> <a href=\"https:\/\/t.co\/XlNGIcHDGl\">pic.twitter.com\/XlNGIcHDGl<\/a><\/p>&mdash; Flavio Sosa Villa.. (@flaviososavilla) <a href=\"https:\/\/twitter.com\/flaviososavilla\/status\/1304492139921973251?ref_src=twsrc%5Etfw\">11 de septiembre de 2020<\/a><\/blockquote><\/div>\n<\/div><\/figure>\n\n\n\n<p>El organismo interno de Morena expuso que la falta de certeza en el padr\u00f3n nacional de afiliados, en el que el INE no localiz\u00f3 a Sosa Villavicencio como militante, se debe a las distintas sentencias emitidas por la Sala Superior del Tribunal Electoral del Poder Judicial, por lo que instruy\u00f3 a la instancia partidista para que de forma inmediata procediera al registro o reincorporaci\u00f3n Sosa Villavicencio al sistema.<\/p>\n\n\n\n<p>La respuesta de la CNHJ fue probada por unidades por sus integrantes, H\u00e9ctor D\u00edaz Polanco, Gabriela Rodr\u00edguez Ram\u00edrez y Adri\u00e1n Arroyo Legaspi, para que prosiguiera con su registro como aspirante a la presidencia y secretar\u00eda general de Morena.<\/p>\n\n\n\n<p>Por otra parte, en un video, el ex l\u00edder de la Asamblea Popular de los Pueblos de Oaxaca habl\u00f3 de la presunta corrupci\u00f3n en el Tribunal Electoral del Poder Judicial de la Federaci\u00f3n.<\/p>\n\n\n\n<p>\u201cHa trascendido que el poder de la corrupci\u00f3n, el poder del dinero se est\u00e1 haciendo presente, se est\u00e1 hablando de sobornos; esto no lo podemos permitir. No podemos permitir que la presi\u00f3n pol\u00edtica, la presi\u00f3n econ\u00f3mica, determinen qui\u00e9n va a dirigir el rumbo de nuestro partido\u201d, dijo, al llamar a \u00f3rganos partidistas y electorales a no permitirlo.<\/p>\n\n\n\n<p>\u201cDe por s\u00ed ya es un proceso verdaderamente fuera de lo ordinario, que mediante un concurso de popularidad se elija a al l\u00edder o la l\u00edder del partido, no podemos permitirlo, vamos a estar pendientes\u201d.<\/p>\n\n\n\n<figure class=\"wp-block-embed-twitter wp-block-embed is-type-rich is-provider-twitter\"><div class=\"wp-block-embed__wrapper\">\n<div class=\"twitter-tweet\"><blockquote class=\"twitter-tweet\" data-lang=\"es\"><p lang=\"es\" dir=\"ltr\">No permitamos que el poder del dinero determine qui\u00e9n dirigir\u00e1 MORENA&#8230;<a href=\"https:\/\/twitter.com\/diazpol?ref_src=twsrc%5Etfw\">@diazpol<\/a> <a href=\"https:\/\/twitter.com\/aramirezcuellar?ref_src=twsrc%5Etfw\">@aramirezcuellar<\/a> <a href=\"https:\/\/twitter.com\/INEMexico?ref_src=twsrc%5Etfw\">@INEMexico<\/a> <a href=\"https:\/\/twitter.com\/julioastillero?ref_src=twsrc%5Etfw\">@julioastillero<\/a> <a href=\"https:\/\/twitter.com\/alvaro_delgado?ref_src=twsrc%5Etfw\">@alvaro_delgado<\/a> <a href=\"https:\/\/twitter.com\/paezvarela?ref_src=twsrc%5Etfw\">@paezvarela<\/a> <a href=\"https:\/\/twitter.com\/May_Garcia_M?ref_src=twsrc%5Etfw\">@May_Garcia_M<\/a> <a href=\"https:\/\/twitter.com\/rosyramales?ref_src=twsrc%5Etfw\">@rosyramales<\/a> <a href=\"https:\/\/twitter.com\/AristeguiOnline?ref_src=twsrc%5Etfw\">@AristeguiOnline<\/a> <a href=\"https:\/\/twitter.com\/proceso?ref_src=twsrc%5Etfw\">@proceso<\/a> <a href=\"https:\/\/twitter.com\/Eltiotonysoy?ref_src=twsrc%5Etfw\">@Eltiotonysoy<\/a> <a href=\"https:\/\/twitter.com\/Navegaciones?ref_src=twsrc%5Etfw\">@Navegaciones<\/a> <a href=\"https:\/\/twitter.com\/HistoriaPedro?ref_src=twsrc%5Etfw\">@HistoriaPedro<\/a> <a href=\"https:\/\/t.co\/IQueg3d16a\">pic.twitter.com\/IQueg3d16a<\/a><\/p>&mdash; Flavio Sosa Villa.. (@flaviososavilla) <a href=\"https:\/\/twitter.com\/flaviososavilla\/status\/1304596892257529861?ref_src=twsrc%5Etfw\">12 de septiembre de 2020<\/a><\/blockquote><\/div>\n<\/div><\/figure>\n","protected":false},"excerpt":{"rendered":"<p>Yuridiana Sosa\/Zona Roja. Oaxaca de Ju\u00e1rez, Oax., 12 de septiembre de 2020.- La Comisi\u00f3n Nacional&hellip;<\/p>\n","protected":false},"author":2,"featured_media":17500,"comment_status":"closed","ping_status":"open","sticky":false,"template":"","format":"standard","meta":{"_lmt_disableupdate":"","_lmt_disable":"","_jetpack_memberships_contains_paid_content":false,"footnotes":""},"categories":[109,47],"tags":[685],"class_list":["post-17499","post","type-post","status-publish","format-standard","has-post-thumbnail","hentry","category-minuto-a-minuto","category-zona-gris","tag-flavio-sosa-villavicencio"],"jetpack_featured_media_url":"https:\/\/zonaroja.com.mx\/wp-content\/uploads\/2020\/09\/Comision-Justicia-Morena.jpg","jetpack_sharing_enabled":true,"_links":{"self":[{"href":"https:\/\/zonaroja.com.mx\/index.php?rest_route=\/wp\/v2\/posts\/17499","targetHints":{"allow":["GET"]}}],"collection":[{"href":"https:\/\/zonaroja.com.mx\/index.php?rest_route=\/wp\/v2\/posts"}],"about":[{"href":"https:\/\/zonaroja.com.mx\/index.php?rest_route=\/wp\/v2\/types\/post"}],"author":[{"embeddable":true,"href":"https:\/\/zonaroja.com.mx\/index.php?rest_route=\/wp\/v2\/users\/2"}],"replies":[{"embeddable":true,"href":"https:\/\/zonaroja.com.mx\/index.php?rest_route=%2Fwp%2Fv2%2Fcomments&post=17499"}],"version-history":[{"count":1,"href":"https:\/\/zonaroja.com.mx\/index.php?rest_route=\/wp\/v2\/posts\/17499\/revisions"}],"predecessor-version":[{"id":17501,"href":"https:\/\/zonaroja.com.mx\/index.php?rest_route=\/wp\/v2\/posts\/17499\/revisions\/17501"}],"wp:featuredmedia":[{"embeddable":true,"href":"https:\/\/zonaroja.com.mx\/index.php?rest_route=\/wp\/v2\/media\/17500"}],"wp:attachment":[{"href":"https:\/\/zonaroja.com.mx\/index.php?rest_route=%2Fwp%2Fv2%2Fmedia&parent=17499"}],"wp:term":[{"taxonomy":"category","embeddable":true,"href":"https:\/\/zonaroja.com.mx\/index.php?rest_route=%2Fwp%2Fv2%2Fcategories&post=17499"},{"taxonomy":"post_tag","embeddable":true,"href":"https:\/\/zonaroja.com.mx\/index.php?rest_route=%2Fwp%2Fv2%2Ftags&post=17499"}],"curies":[{"name":"wp","href":"https:\/\/api.w.org\/{rel}","templated":true}]}}