{"id":1750,"date":"2019-06-21T21:31:38","date_gmt":"2019-06-22T02:31:38","guid":{"rendered":"http:\/\/www.zonaroja.com.mx\/?p=1750"},"modified":"2019-06-21T21:31:41","modified_gmt":"2019-06-22T02:31:41","slug":"cuatro-ejecutados-en-la-cuenca-de-oaxaca-en-24-horas","status":"publish","type":"post","link":"https:\/\/zonaroja.com.mx\/?p=1750","title":{"rendered":"Cuatro ejecutados en la Cuenca de Oaxaca, en 24 horas"},"content":{"rendered":"\n<p>Ismael\nGarc\u00eda<\/p>\n\n\n\n<p>Oaxaca de\nJu\u00e1rez, Oax., 21 de junio de 2019.- Cuatro personas han sido asesinadas en 24\nhoras en dos municipios de la regi\u00f3n de la Cuenca del Papaloapan de Oaxaca.<\/p>\n\n\n\n<p>Este\nviernes, en Acatl\u00e1n de P\u00e9rez Figueroa fue ultimado a balazos un joven, en el\ncentro de esa localidad; sus familiares levantaron de inmediato el cuerpo y se\nlo llevaron a bordo de una camioneta particular.<\/p>\n\n\n\n<p>El individuo\nfue identificado como Luis Eulogio Polo Ram\u00edrez, de 26 a\u00f1os de edad, y se\ndesconoce qui\u00e9n o qui\u00e9nes lo acribillaron.<\/p>\n\n\n\n<p>Cabe\nrecordar que ayer despu\u00e9s del mediod\u00eda, varios campesinos fueron emboscados y atacados\na balazos, en un paraje de la localidad Cerro Caliente, del municipio de\nSantiago Jocotepec. <\/p>\n\n\n\n<p>Las v\u00edctimas\nfueron respondieron a los nombres de R\u00e9gulo Jim\u00e9nez, Fidel y Mario Cruz,\nmientras que al menos tres personas m\u00e1s resultaron lesionadas.<\/p>\n\n\n\n<p>IDENTIFICAN\nV\u00cdCTIMAS<\/p>\n\n\n\n<p>Por otra\nparte, como Martina Garc\u00eda Vefa, de 38 a\u00f1os de edad, fue identificada la mujer\nque falleci\u00f3 la madrugada de este viernes en Salina Cruz.<\/p>\n\n\n\n<p>Presuntamente\njunto con su esposo Leonardo M\u00e1rquez G\u00f3mez se meti\u00f3 a nadar a una poza, en\nestado de ebriedad, y ella no logr\u00f3 salir a flote. Los hechos ocurrieron en el\nBarrio Nuevo de esa ciudad del Istmo de Tehuantepec.<\/p>\n\n\n\n<p>Por otra\nparte, la mujer que fue asesinada a machetazos en el Barrio Nuevo de San&nbsp; Pedro Pochutla, el pasado martes, fue\nidentificada como Edith L.M., de 40 a\u00f1os de edad y fue vecina del barrio\nLaborrillo en la misma poblaci\u00f3n.<\/p>\n\n\n\n<p>En la misma\nfecha fue ultimada con pu\u00f1aladas al cuello la anciana Esperanza G. M., en el\ninterior de su domicilio ubicado en la comunidad de Llano Grande, Santa Luc\u00eda\nMiahuatl\u00e1n, regi\u00f3n Sierra Sur.<\/p>\n","protected":false},"excerpt":{"rendered":"<p>Ismael Garc\u00eda Oaxaca de Ju\u00e1rez, Oax., 21 de junio de 2019.- Cuatro personas han sido&hellip;<\/p>\n","protected":false},"author":2,"featured_media":1751,"comment_status":"closed","ping_status":"open","sticky":false,"template":"","format":"standard","meta":{"_lmt_disableupdate":"","_lmt_disable":"","_jetpack_memberships_contains_paid_content":false,"footnotes":""},"categories":[109,51],"tags":[187,98,117,58],"class_list":["post-1750","post","type-post","status-publish","format-standard","has-post-thumbnail","hentry","category-minuto-a-minuto","category-zona-roja","tag-acatlan-de-perez-figueroa","tag-cuenca-del-papaloapan","tag-ejecutado","tag-oaxaca"],"jetpack_featured_media_url":"https:\/\/zonaroja.com.mx\/wp-content\/uploads\/2019\/06\/IMG_2248.jpg","jetpack_sharing_enabled":true,"_links":{"self":[{"href":"https:\/\/zonaroja.com.mx\/index.php?rest_route=\/wp\/v2\/posts\/1750","targetHints":{"allow":["GET"]}}],"collection":[{"href":"https:\/\/zonaroja.com.mx\/index.php?rest_route=\/wp\/v2\/posts"}],"about":[{"href":"https:\/\/zonaroja.com.mx\/index.php?rest_route=\/wp\/v2\/types\/post"}],"author":[{"embeddable":true,"href":"https:\/\/zonaroja.com.mx\/index.php?rest_route=\/wp\/v2\/users\/2"}],"replies":[{"embeddable":true,"href":"https:\/\/zonaroja.com.mx\/index.php?rest_route=%2Fwp%2Fv2%2Fcomments&post=1750"}],"version-history":[{"count":1,"href":"https:\/\/zonaroja.com.mx\/index.php?rest_route=\/wp\/v2\/posts\/1750\/revisions"}],"predecessor-version":[{"id":1752,"href":"https:\/\/zonaroja.com.mx\/index.php?rest_route=\/wp\/v2\/posts\/1750\/revisions\/1752"}],"wp:featuredmedia":[{"embeddable":true,"href":"https:\/\/zonaroja.com.mx\/index.php?rest_route=\/wp\/v2\/media\/1751"}],"wp:attachment":[{"href":"https:\/\/zonaroja.com.mx\/index.php?rest_route=%2Fwp%2Fv2%2Fmedia&parent=1750"}],"wp:term":[{"taxonomy":"category","embeddable":true,"href":"https:\/\/zonaroja.com.mx\/index.php?rest_route=%2Fwp%2Fv2%2Fcategories&post=1750"},{"taxonomy":"post_tag","embeddable":true,"href":"https:\/\/zonaroja.com.mx\/index.php?rest_route=%2Fwp%2Fv2%2Ftags&post=1750"}],"curies":[{"name":"wp","href":"https:\/\/api.w.org\/{rel}","templated":true}]}}